{"id":8499,"date":"2024-02-11T16:55:10","date_gmt":"2024-02-11T16:55:10","guid":{"rendered":"https:\/\/alertasaltillo.com\/?p=8499"},"modified":"2024-02-11T16:55:12","modified_gmt":"2024-02-11T16:55:12","slug":"promueven-con-feria-participacion-de-las-mujeres-y-ninas-en-la-ciencia","status":"publish","type":"post","link":"https:\/\/alertasaltillo.com\/index.php\/2024\/02\/11\/promueven-con-feria-participacion-de-las-mujeres-y-ninas-en-la-ciencia\/","title":{"rendered":"PROMUEVEN CON FERIA PARTICIPACI\u00d3N DE LAS MUJERES Y NI\u00d1AS EN LA CIENCIA"},"content":{"rendered":"\n<p><em>Participan ni\u00f1as de primaria y secundaria de escuelas p\u00fablicas y privadas de las \u00e1reas urbana y rural<\/em><\/p>\n\n\n\n<p>Saltillo, Coahuila de Zaragoza, a 9 de febrero de 2024.- El Gobierno Municipal de Saltillo llev\u00f3 a cabo con \u00e9xito la Primera Feria Municipal de la Mujer y la Ni\u00f1a en la Ciencia y Tecnolog\u00eda con el objetivo de impulsar el acceso, participaci\u00f3n e inclusi\u00f3n de este sector en los \u00e1mbitos cient\u00edficos y tecnol\u00f3gicos, a este evento acudi\u00f3 Beatriz D\u00e1vila de Fraustro, presidenta honoraria del DIF Saltillo.<\/p>\n\n\n\n<p>Organizado por el Instituto Municipal de las Mujeres IMM en el marco de la conmemoraci\u00f3n del D\u00eda Internacional de la Mujer y la Ni\u00f1a en la Ciencia, la Feria contempl\u00f3 la creaci\u00f3n y exposici\u00f3n de experimentos por parte de ni\u00f1as de nivel primaria y secundaria de escuelas de las \u00e1reas urbana y rural, guiadas por mentoras expertas de instancias educativas y privadas.<\/p>\n\n\n\n<p>\u201cEs prioridad de nuestro alcalde Jos\u00e9 Mar\u00eda Fraustro Siller promover este tipo de acciones que impulsan el desarrollo de nuestras ni\u00f1as y mujeres, en este caso en el \u00e1rea de la ciencia y la tecnolog\u00eda\u201d, se\u00f1al\u00f3 Lydia Mar\u00eda Gonz\u00e1lez Rodr\u00edguez, directora del IMM.<\/p>\n\n\n\n<p>Las alumnas participaron en diferentes m\u00f3dulos como Microorganismos en acci\u00f3n; \u00bfC\u00f3mo se hace la amoxicilina?; Explorando sensaciones t\u00e1ctiles con tecnolog\u00eda rob\u00f3tica; y Minerales y reacciones qu\u00edmicas, entre otros.<\/p>\n\n\n\n<p>Jancy Castro, de 6 a\u00f1os de edad, particip\u00f3 con entusiasmo en el m\u00f3dulo de \u201cEl repollo, un indicador natural de PH\u201d y expres\u00f3 que de grande quiere ser qu\u00edmica para hacer experimentos como los que hizo ah\u00ed.<\/p>\n\n\n\n<p>Durante la exposici\u00f3n de los experimentos estuvieron presentes Mayra Vald\u00e9s Gonz\u00e1lez, titular de la Secretar\u00eda de las Mujeres; regidoras integrantes de la Comisi\u00f3n de Ciencia, Tecnolog\u00eda e Innovaci\u00f3n; y Ania Guadalupe S\u00e1nchez Ruiz, directora del Instituto Tecnol\u00f3gico de Saltillo, lugar donde se realiz\u00f3 la Feria.<\/p>\n\n\n\n<p><strong><em>Primera Feria Municipal de la Mujer y la Ni\u00f1a en la Ciencia y Tecnolog\u00eda<\/em><\/strong><\/p>\n\n\n\n<p>Participaron alumnas de las escuelas:<\/p>\n\n\n\n<p>\u2022&nbsp;&nbsp;&nbsp;&nbsp;&nbsp;&nbsp;&nbsp;&nbsp;Francisco Gonz\u00e1lez Bocanegra<\/p>\n\n\n\n<p>\u2022&nbsp;&nbsp;&nbsp;&nbsp;&nbsp;&nbsp;&nbsp;&nbsp;Anexa a la Normal<\/p>\n\n\n\n<p>\u2022&nbsp;&nbsp;&nbsp;&nbsp;&nbsp;&nbsp;&nbsp;&nbsp;Benito Ju\u00e1rez<\/p>\n\n\n\n<p>\u2022&nbsp;&nbsp;&nbsp;&nbsp;&nbsp;&nbsp;&nbsp;&nbsp;Instituto Grijalva<\/p>\n\n\n\n<p>\u2022&nbsp;&nbsp;&nbsp;&nbsp;&nbsp;&nbsp;&nbsp;&nbsp;Nicol\u00e1s Bravo<\/p>\n\n\n\n<p>\u2022&nbsp;&nbsp;&nbsp;&nbsp;&nbsp;&nbsp;&nbsp;&nbsp;Instituto Faro<\/p>\n\n\n\n<p>\u2022&nbsp;&nbsp;&nbsp;&nbsp;&nbsp;&nbsp;&nbsp;&nbsp;Margarita Maza de Ju\u00e1rez<\/p>\n\n\n\n<p>Fueron guiadas por mentoras expertas de:<\/p>\n\n\n\n<p>\u2022&nbsp;&nbsp;&nbsp;&nbsp;&nbsp;&nbsp;&nbsp;&nbsp;Empresa Centrient Pharmaceuticals<\/p>\n\n\n\n<p>\u2022&nbsp;&nbsp;&nbsp;&nbsp;&nbsp;&nbsp;&nbsp;&nbsp;Facultad de Ciencias Qu\u00edmicas de la UAdeC<\/p>\n\n\n\n<p>\u2022&nbsp;&nbsp;&nbsp;&nbsp;&nbsp;&nbsp;&nbsp;&nbsp;Instituto Tecnol\u00f3gico de Saltillo<\/p>\n\n\n\n<p>\u2022&nbsp;&nbsp;&nbsp;&nbsp;&nbsp;&nbsp;&nbsp;&nbsp;Centro de Investigaci\u00f3n y Estudios Avanzados<\/p>\n\n\n\n<p>\u2022&nbsp;&nbsp;&nbsp;&nbsp;&nbsp;&nbsp;&nbsp;&nbsp;CBTIS<\/p>\n\n\n\n<p><\/p>\n","protected":false},"excerpt":{"rendered":"<p>Participan ni\u00f1as de primaria y secundaria de escuelas p\u00fablicas y privadas de las \u00e1reas urbana y rural Saltillo, Coahuila de Zaragoza, a 9 de febrero de 2024.- El Gobierno Municipal de Saltillo llev\u00f3 a cabo con \u00e9xito la Primera Feria Municipal de la Mujer y la Ni\u00f1a en la Ciencia y Tecnolog\u00eda con el objetivo [&hellip;]<\/p>\n","protected":false},"author":4,"featured_media":8500,"comment_status":"open","ping_status":"open","sticky":false,"template":"","format":"standard","meta":[],"categories":[206],"tags":[],"_links":{"self":[{"href":"https:\/\/alertasaltillo.com\/index.php\/wp-json\/wp\/v2\/posts\/8499"}],"collection":[{"href":"https:\/\/alertasaltillo.com\/index.php\/wp-json\/wp\/v2\/posts"}],"about":[{"href":"https:\/\/alertasaltillo.com\/index.php\/wp-json\/wp\/v2\/types\/post"}],"author":[{"embeddable":true,"href":"https:\/\/alertasaltillo.com\/index.php\/wp-json\/wp\/v2\/users\/4"}],"replies":[{"embeddable":true,"href":"https:\/\/alertasaltillo.com\/index.php\/wp-json\/wp\/v2\/comments?post=8499"}],"version-history":[{"count":1,"href":"https:\/\/alertasaltillo.com\/index.php\/wp-json\/wp\/v2\/posts\/8499\/revisions"}],"predecessor-version":[{"id":8501,"href":"https:\/\/alertasaltillo.com\/index.php\/wp-json\/wp\/v2\/posts\/8499\/revisions\/8501"}],"wp:featuredmedia":[{"embeddable":true,"href":"https:\/\/alertasaltillo.com\/index.php\/wp-json\/wp\/v2\/media\/8500"}],"wp:attachment":[{"href":"https:\/\/alertasaltillo.com\/index.php\/wp-json\/wp\/v2\/media?parent=8499"}],"wp:term":[{"taxonomy":"category","embeddable":true,"href":"https:\/\/alertasaltillo.com\/index.php\/wp-json\/wp\/v2\/categories?post=8499"},{"taxonomy":"post_tag","embeddable":true,"href":"https:\/\/alertasaltillo.com\/index.php\/wp-json\/wp\/v2\/tags?post=8499"}],"curies":[{"name":"wp","href":"https:\/\/api.w.org\/{rel}","templated":true}]}}