{"id":7696,"date":"2023-12-22T15:53:25","date_gmt":"2023-12-22T15:53:25","guid":{"rendered":"https:\/\/alertasaltillo.com\/?p=7696"},"modified":"2023-12-22T15:53:27","modified_gmt":"2023-12-22T15:53:27","slug":"de-que-murio-cristina-pacheco-periodista-y-conductora-de-de-aqui-nos-toco-vivir","status":"publish","type":"post","link":"https:\/\/alertasaltillo.com\/index.php\/2023\/12\/22\/de-que-murio-cristina-pacheco-periodista-y-conductora-de-de-aqui-nos-toco-vivir\/","title":{"rendered":"\u00bf DE QUE MURI\u00d3 CRISTINA PACHECO, PERIODISTA Y CONDUCTORA DE &#8216;DE AQU\u00cd NOS TOC\u00d3 VIVIR&#8217;?"},"content":{"rendered":"\n<p>La noticia de la&nbsp;<a href=\"https:\/\/www.excelsior.com.mx\/expresiones\/cristina-pacheco-periodismo-dignidad-y-empatia\/1626568\" target=\"_blank\" rel=\"noreferrer noopener\"><strong>muerte de Cristina Pacheco<\/strong><\/a>, la legendaria periodista y conductora de programas emblem\u00e1ticos de&nbsp;<em>Canal Once<\/em>&nbsp;como&nbsp;<em><a href=\"https:\/\/www.excelsior.com.mx\/expresiones\/aqui-nos-toco-vivir-programa-cristina-pacheco\/1626480\" target=\"_blank\" rel=\"noreferrer noopener\">Aqu\u00ed nos toc\u00f3 vivir<\/a>&nbsp;<\/em>y<em>&nbsp;Conservando<\/em>, cimbr\u00f3 al mundo cultural y a todos aquellos para quienes era un referente en el medio. El 1 de diciembre anunci\u00f3 que har\u00eda una pausa en su programa debido a problemas de salud, sin dar mayores detalles, y d\u00edas despu\u00e9s falleci\u00f3.<\/p>\n\n\n\n<p>El 21 de diciembre Laura Emilia, una de sus hijas, dio a conocer a trav\u00e9s de Facebook que la periodista hab\u00eda muerto y durante su funeral, con el coraz\u00f3n destrozado, dio a conocer los \u00faltimos instantes de Cristina Pacheco.<\/p>\n\n\n\n<p><\/p>\n\n\n\n<p>Laura Emilia Pacheco Romo inform\u00f3 que la&nbsp;<strong>causa del fallecimiento&nbsp;de Cristina Pacheco fue debido a c\u00e1ncer<\/strong>&nbsp;y agreg\u00f3 que su estado de salud estuvo reservado por decisi\u00f3n familiar.<\/p>\n\n\n\n<p>El cuerpo de Cristina Pacheco es velado desde ayer en la\u00a0funeraria Gayosso de F\u00e9lix Cuevas donde familiares, colegas, amigos y algunas personalidades como Enrique Krauze y H\u00e9ctor de Mauleon, entre otros la acompa\u00f1aron. Los restos de la periodista ser\u00e1n cremados este viernes, despu\u00e9s de las 14:00 horas.<\/p>\n\n\n\n<p>Con Informaci\u00f3n tomada de EXCELSIOR<\/p>\n\n\n\n<p><\/p>\n","protected":false},"excerpt":{"rendered":"<p>La noticia de la&nbsp;muerte de Cristina Pacheco, la legendaria periodista y conductora de programas emblem\u00e1ticos de&nbsp;Canal Once&nbsp;como&nbsp;Aqu\u00ed nos toc\u00f3 vivir&nbsp;y&nbsp;Conservando, cimbr\u00f3 al mundo cultural y a todos aquellos para quienes era un referente en el medio. El 1 de diciembre anunci\u00f3 que har\u00eda una pausa en su programa debido a problemas de salud, sin dar [&hellip;]<\/p>\n","protected":false},"author":4,"featured_media":7697,"comment_status":"open","ping_status":"open","sticky":false,"template":"","format":"standard","meta":[],"categories":[204],"tags":[],"_links":{"self":[{"href":"https:\/\/alertasaltillo.com\/index.php\/wp-json\/wp\/v2\/posts\/7696"}],"collection":[{"href":"https:\/\/alertasaltillo.com\/index.php\/wp-json\/wp\/v2\/posts"}],"about":[{"href":"https:\/\/alertasaltillo.com\/index.php\/wp-json\/wp\/v2\/types\/post"}],"author":[{"embeddable":true,"href":"https:\/\/alertasaltillo.com\/index.php\/wp-json\/wp\/v2\/users\/4"}],"replies":[{"embeddable":true,"href":"https:\/\/alertasaltillo.com\/index.php\/wp-json\/wp\/v2\/comments?post=7696"}],"version-history":[{"count":1,"href":"https:\/\/alertasaltillo.com\/index.php\/wp-json\/wp\/v2\/posts\/7696\/revisions"}],"predecessor-version":[{"id":7698,"href":"https:\/\/alertasaltillo.com\/index.php\/wp-json\/wp\/v2\/posts\/7696\/revisions\/7698"}],"wp:featuredmedia":[{"embeddable":true,"href":"https:\/\/alertasaltillo.com\/index.php\/wp-json\/wp\/v2\/media\/7697"}],"wp:attachment":[{"href":"https:\/\/alertasaltillo.com\/index.php\/wp-json\/wp\/v2\/media?parent=7696"}],"wp:term":[{"taxonomy":"category","embeddable":true,"href":"https:\/\/alertasaltillo.com\/index.php\/wp-json\/wp\/v2\/categories?post=7696"},{"taxonomy":"post_tag","embeddable":true,"href":"https:\/\/alertasaltillo.com\/index.php\/wp-json\/wp\/v2\/tags?post=7696"}],"curies":[{"name":"wp","href":"https:\/\/api.w.org\/{rel}","templated":true}]}}