{"id":4473,"date":"2023-08-16T21:11:27","date_gmt":"2023-08-16T21:11:27","guid":{"rendered":"https:\/\/alertasaltillo.com\/?p=4473"},"modified":"2023-08-16T21:11:29","modified_gmt":"2023-08-16T21:11:29","slug":"inauguran-miguel-riquelme-y-jose-maria-fraustro-el-segundo-parque-perron","status":"publish","type":"post","link":"https:\/\/alertasaltillo.com\/index.php\/2023\/08\/16\/inauguran-miguel-riquelme-y-jose-maria-fraustro-el-segundo-parque-perron\/","title":{"rendered":"INAUGURAN MIGUEL RIQUELME Y JOS\u00c9 MARIA FRAUSTRO EL SEGUNDO \u00abPARQUE PERRON\u00bb"},"content":{"rendered":"\n<p><\/p>\n\n\n\n<p><strong><em>Con inversi\u00f3n de poco m\u00e1s de un mill\u00f3n de pesos, con este espacio se fomenta la relaci\u00f3n y el esparcimiento entre las familias y sus mascotas, en Saltillo<\/em><\/strong><\/p>\n\n\n\n<p>Saltillo, Coahuila de Zaragoza; a 16 de Agosto de 2023.- El gobernador Miguel \u00c1ngel Riquelme Sol\u00eds y el alcalde Jos\u00e9 Mar\u00eda Fraustro Siller inauguraron el segundo \u201cParque Perron\u201d en Saltillo, en el cual se invirtieron poco m\u00e1s de un mill\u00f3n de pesos.&nbsp;<\/p>\n\n\n\n<p>Ubicado en la Gran Plaza, con este parque se da un paso adelante para privilegiar la relaci\u00f3n entre las familias y sus mascotas, fomentando la responsabilidad y el respeto por los animales de compa\u00f1\u00eda.&nbsp;<\/p>\n\n\n\n<p>En su mensaje, el Mandatario estatal dijo que el \u201cParque Perr\u00f3n\u201d es una gran obra, y que todos quienes tienen mascotas saben lo que esto representa&nbsp;<\/p>\n\n\n\n<p>\u201cEl que el alcalde Jos\u00e9 Mar\u00eda Fraustro est\u00e9 al pendiente y haya escuchado las voces de la ciudadan\u00eda habla bien del Gobierno Municipal. El gusto que me da es que cada obra que inaugur\u00f3 con \u00e9l, tiene que ver con llevar a cabo satisfactores a las colonias ya la ciudadan\u00eda\u201d, resalt\u00f3.&nbsp;<\/p>\n\n\n\n<p>Asimismo, Riquelme Sol\u00eds agradeci\u00f3 a las y los saltillenses, as\u00ed como a todos los coahuilenses, por su confianza y su lealtad, al se\u00f1alar que un gobernador no puede tomar decisiones si no est\u00e1 la gente detr\u00e1s de \u00e9l, si no conf\u00edan en \u00e9l: \u201c Y ustedes conf\u00edan en las decisiones\u201d.&nbsp;<\/p>\n\n\n\n<p>\u201cUstedes conf\u00edan en muchas de las decisiones que no fueron sencillas de mi gobierno, me respaldaron y apoyaron. Hoy sabemos que no nos equivocamos, pero en el momento es dif\u00edcil saberlo, sobre todo en el tiempo de la pandemia y todas las consecuencias que de manera posterior se generaron, como la reactivaci\u00f3n econ\u00f3mica, la reactivaci\u00f3n tur\u00edstica y la reactivaci\u00f3n de modo presencial de nuestro sistema educativo, que para m\u00ed fue la m\u00e1s compleja\u201d, coment\u00f3.&nbsp;<\/p>\n\n\n\n<p>Agreg\u00f3 que gracias al respaldo de la ciudadan\u00eda pudo tomar las decisiones correctas que nos llevaron del otro lado, a un estado econ\u00f3micamente en desarrollo, pleno, a una mayor generaci\u00f3n de empleo, a una reactivaci\u00f3n econ\u00f3mica con mayor potencial.&nbsp;<\/p>\n\n\n\n<p>\u201cTermino mi gesti\u00f3n muy contento, pero sobre todo muy agradecido con todas y todos ustedes. Muy agradecido porque fue un sexenio de muchas sorpresas, de muchas decisiones dif\u00edciles que ahora nos damos cuenta que fueron las correctas en materia de seguridad, de salud, de desarrollo econ\u00f3mico; caracter\u00edsticas fueron las prioridades del gobierno ante la escasez de recursos p\u00fablicos\u2026 y le atinamos\u201d, destac\u00f3 el gobernador Miguel Riquelme.&nbsp;<\/p>\n\n\n\n<p>El alcalde Jos\u00e9 Mar\u00eda Fraustro expres\u00f3 que hoy, un segundo parque canino es realidad en Saltillo gracias al trabajo conjunto ya la uni\u00f3n entre sociedad y Gobierno.&nbsp;<\/p>\n\n\n\n<p>\u201cTener una comunicaci\u00f3n efectiva con la poblaci\u00f3n es lo que nos permite atender las necesidades reales de la sociedad de una manera mucho m\u00e1s efectiva. Este proyecto es un ejemplo de trabajo conjunto entre Gobierno Estatal y Gobierno Municipal, y la participaci\u00f3n activa de los vecinos que han manifestado su inter\u00e9s en contar con espacio seguro y adaptado para el esparcimiento de las mascotas\u201d, dijo.&nbsp;<\/p>\n\n\n\n<p>Agreg\u00f3 que este nuevo \u201cParque Perr\u00f3n\u201d cuenta con todas las comodidades necesarias para que tanto las mascotas como sus due\u00f1os disfruten de un espacio digno y de calidad.&nbsp;<\/p>\n\n\n\n<p>Inform\u00f3 que se contar\u00e1 con personal especializado que se encargar\u00e1 de mantener el orden y brindar asesoramiento a los propietarios para que el parque sea utilizado de forma responsable.&nbsp;<\/p>\n\n\n\n<p>Por su parte, Bessy de las Fuentes Nelson, fundadora de Brigada de Rescate Saltillo, afirm\u00f3 que este \u201cParque Perr\u00f3n\u201d surge como un alivio a tantas familias que cuentan con mascotas y necesitan un espacio de convivencia y esparcimiento adecuado y digno.&nbsp;<\/p>\n\n\n\n<p>Reconoci\u00f3 que los gobiernos Estatal y Municipal siempre han actuado por el bienestar de los animales de compa\u00f1\u00eda.&nbsp;<\/p>\n\n\n\n<p>En este evento estuvieron presentes, adem\u00e1s, Jaime Bueno Zertuche, diputado federal; Martha Loera Ar\u00e1mbula y Luz Elena Morales N\u00fa\u00f1ez, diputadas locales; Eglantina Canales Guti\u00e9rrez, Secretar\u00eda de Medio Ambiente del Estado; Mar\u00eda Guadalupe Olgu\u00edn Romero, regidora presidenta de la Comisi\u00f3n de Medio Ambiente, y Sof\u00eda Franco Villalobos, Directora de Medio Ambiente y Desarrollo Sustentable de Saltillo.<\/p>\n","protected":false},"excerpt":{"rendered":"<p>Con inversi\u00f3n de poco m\u00e1s de un mill\u00f3n de pesos, con este espacio se fomenta la relaci\u00f3n y el esparcimiento entre las familias y sus mascotas, en Saltillo Saltillo, Coahuila de Zaragoza; a 16 de Agosto de 2023.- El gobernador Miguel \u00c1ngel Riquelme Sol\u00eds y el alcalde Jos\u00e9 Mar\u00eda Fraustro Siller inauguraron el segundo \u201cParque [&hellip;]<\/p>\n","protected":false},"author":4,"featured_media":4474,"comment_status":"open","ping_status":"open","sticky":false,"template":"","format":"standard","meta":[],"categories":[5],"tags":[],"_links":{"self":[{"href":"https:\/\/alertasaltillo.com\/index.php\/wp-json\/wp\/v2\/posts\/4473"}],"collection":[{"href":"https:\/\/alertasaltillo.com\/index.php\/wp-json\/wp\/v2\/posts"}],"about":[{"href":"https:\/\/alertasaltillo.com\/index.php\/wp-json\/wp\/v2\/types\/post"}],"author":[{"embeddable":true,"href":"https:\/\/alertasaltillo.com\/index.php\/wp-json\/wp\/v2\/users\/4"}],"replies":[{"embeddable":true,"href":"https:\/\/alertasaltillo.com\/index.php\/wp-json\/wp\/v2\/comments?post=4473"}],"version-history":[{"count":1,"href":"https:\/\/alertasaltillo.com\/index.php\/wp-json\/wp\/v2\/posts\/4473\/revisions"}],"predecessor-version":[{"id":4475,"href":"https:\/\/alertasaltillo.com\/index.php\/wp-json\/wp\/v2\/posts\/4473\/revisions\/4475"}],"wp:featuredmedia":[{"embeddable":true,"href":"https:\/\/alertasaltillo.com\/index.php\/wp-json\/wp\/v2\/media\/4474"}],"wp:attachment":[{"href":"https:\/\/alertasaltillo.com\/index.php\/wp-json\/wp\/v2\/media?parent=4473"}],"wp:term":[{"taxonomy":"category","embeddable":true,"href":"https:\/\/alertasaltillo.com\/index.php\/wp-json\/wp\/v2\/categories?post=4473"},{"taxonomy":"post_tag","embeddable":true,"href":"https:\/\/alertasaltillo.com\/index.php\/wp-json\/wp\/v2\/tags?post=4473"}],"curies":[{"name":"wp","href":"https:\/\/api.w.org\/{rel}","templated":true}]}}