{"id":4463,"date":"2023-08-16T14:24:37","date_gmt":"2023-08-16T14:24:37","guid":{"rendered":"https:\/\/alertasaltillo.com\/?p=4463"},"modified":"2023-08-16T14:24:39","modified_gmt":"2023-08-16T14:24:39","slug":"tendra-presentacion-en-el-vito-alessio-en-saltillo-la-camerata-femenil-cuatro-lunas","status":"publish","type":"post","link":"https:\/\/alertasaltillo.com\/index.php\/2023\/08\/16\/tendra-presentacion-en-el-vito-alessio-en-saltillo-la-camerata-femenil-cuatro-lunas\/","title":{"rendered":"TENDRA PRESENTACI\u00d3N EN EL VITO ALESSIO, EN SALTILLO, LA CAMERATA FEMENIL \u00abCUATRO LUNAS\u00bb"},"content":{"rendered":"\n<p><\/p>\n\n\n\n<p>Saltillo, Coahuila de Zaragoza; a 15 de agosto de 2023.- La Secretar\u00eda de Cultura de Coahuila contin\u00faa apoyando al talento estatal, por lo que invita al p\u00fablico en general a la presentaci\u00f3n de la Camerata Femenil \u00abCuatro Lunas\u00bb, integrada por alumnas de la Escuela Superior de M\u00fasica de la Universidad Aut\u00f3noma de Coahuila.&nbsp;<\/p>\n\n\n\n<p>Este proyecto inicia en septiembre del 2022 una iniciativa de las j\u00f3venes universitarias, con el objetivo de promover la cultura y la m\u00fasica de c\u00e1mara en especial, as\u00ed como buscar espacios que les impulsen y lleven la representaci\u00f3n musical femenina y coahuilense de este estilo a otro nivel.&nbsp;<\/p>\n\n\n\n<p>Actualmente la Camerata est\u00e1 formada por 6 violines, 3 violas, 1 violonchelo y 1 contrabajo. La agrupaci\u00f3n ha acompa\u00f1ado a solistas pianistas, guitarristas y acordeonistas, y tiene dentro de su repertorio m\u00fasica barroca, cl\u00e1sica y contempor\u00e1nea, as\u00ed como m\u00fasica tradicional mexicana.&nbsp;<\/p>\n\n\n\n<p>Est\u00e1 integrado por once estudiantes de m\u00fasica de 5\u00b0, 7\u00b0, 11\u00b0 y 13\u00b0 semestre de la ESM, quienes han reunido su talento para iniciarse en el camino de la m\u00fasica de forma profesional, y que son: Ximena Contreras (violonchelo) ; Kattya Monroy (viol\u00edn); Alexandra Mart\u00ednez (viol\u00edn); Ana Jim\u00e9nez (viol\u00edn); Daniela Sanmiguel (viol\u00edn); Julia S\u00e1nchez (viol\u00edn); Perla Cazares (viol\u00edn); Valeria Hern\u00e1ndez (viola); Brenda Garc\u00eda (viola); Valeria Hern\u00e1ndez (viola) y Karen Torres (contrabajo).&nbsp;<\/p>\n\n\n\n<p>La presentaci\u00f3n tendr\u00e1 lugar el pr\u00f3ximo viernes 18 de agosto a las 19:00 horas en las instalaciones del Centro Cultural Vito Alessio Robles, ubicado en la Zona Centro de Saltillo.&nbsp;<\/p>\n\n\n\n<p>Posterior a esta presentaci\u00f3n, los integrantes de la Camerata viajaran a la Ciudad de Morelia para su participaci\u00f3n en el Encuentro \u00abBeethoven ayer y hoy\u00bb, en el que se dan cita diversas agrupaciones de m\u00fasica de c\u00e1mara de todo el pa\u00eds.<\/p>\n","protected":false},"excerpt":{"rendered":"<p>Saltillo, Coahuila de Zaragoza; a 15 de agosto de 2023.- La Secretar\u00eda de Cultura de Coahuila contin\u00faa apoyando al talento estatal, por lo que invita al p\u00fablico en general a la presentaci\u00f3n de la Camerata Femenil \u00abCuatro Lunas\u00bb, integrada por alumnas de la Escuela Superior de M\u00fasica de la Universidad Aut\u00f3noma de Coahuila.&nbsp; Este proyecto [&hellip;]<\/p>\n","protected":false},"author":4,"featured_media":4464,"comment_status":"open","ping_status":"open","sticky":false,"template":"","format":"standard","meta":[],"categories":[5],"tags":[],"_links":{"self":[{"href":"https:\/\/alertasaltillo.com\/index.php\/wp-json\/wp\/v2\/posts\/4463"}],"collection":[{"href":"https:\/\/alertasaltillo.com\/index.php\/wp-json\/wp\/v2\/posts"}],"about":[{"href":"https:\/\/alertasaltillo.com\/index.php\/wp-json\/wp\/v2\/types\/post"}],"author":[{"embeddable":true,"href":"https:\/\/alertasaltillo.com\/index.php\/wp-json\/wp\/v2\/users\/4"}],"replies":[{"embeddable":true,"href":"https:\/\/alertasaltillo.com\/index.php\/wp-json\/wp\/v2\/comments?post=4463"}],"version-history":[{"count":1,"href":"https:\/\/alertasaltillo.com\/index.php\/wp-json\/wp\/v2\/posts\/4463\/revisions"}],"predecessor-version":[{"id":4465,"href":"https:\/\/alertasaltillo.com\/index.php\/wp-json\/wp\/v2\/posts\/4463\/revisions\/4465"}],"wp:featuredmedia":[{"embeddable":true,"href":"https:\/\/alertasaltillo.com\/index.php\/wp-json\/wp\/v2\/media\/4464"}],"wp:attachment":[{"href":"https:\/\/alertasaltillo.com\/index.php\/wp-json\/wp\/v2\/media?parent=4463"}],"wp:term":[{"taxonomy":"category","embeddable":true,"href":"https:\/\/alertasaltillo.com\/index.php\/wp-json\/wp\/v2\/categories?post=4463"},{"taxonomy":"post_tag","embeddable":true,"href":"https:\/\/alertasaltillo.com\/index.php\/wp-json\/wp\/v2\/tags?post=4463"}],"curies":[{"name":"wp","href":"https:\/\/api.w.org\/{rel}","templated":true}]}}