{"id":4424,"date":"2023-08-15T14:32:49","date_gmt":"2023-08-15T14:32:49","guid":{"rendered":"https:\/\/alertasaltillo.com\/?p=4424"},"modified":"2023-08-15T14:32:52","modified_gmt":"2023-08-15T14:32:52","slug":"colocan-contenedor-para-depositar-deshechos-electronicos","status":"publish","type":"post","link":"https:\/\/alertasaltillo.com\/index.php\/2023\/08\/15\/colocan-contenedor-para-depositar-deshechos-electronicos\/","title":{"rendered":"COLOCAN CONTENEDOR PARA DEPOSITAR DESHECHOS ELECTR\u00d3NICOS"},"content":{"rendered":"\n<p><\/p>\n\n\n\n<p><em>Se ubica a un costado del Parque Perr\u00f3n y ser\u00e1 itinerante en diversos sectores de Saltillo<\/em><\/p>\n\n\n\n<p>Saltillo, Coahuila de Zaragoza, a 14 de agosto de 2023.- Con el objetivo de procurar un adecuado manejo y confinamiento de desechos electr\u00f3nicos, el Gobierno Municipal de Saltillo, a trav\u00e9s de la Direcci\u00f3n de Medio Ambiente y Desarrollo Sustentable, en coordinaci\u00f3n con FDN Recycling, dispusieron un contenedor para este tipo de materiales el cual estar\u00e1 itinerante por diversos sectores de la ciudad.<\/p>\n\n\n\n<p>Sof\u00eda Franco Villalobos, directora de Medio Ambiente y Desarrollo Sustentable, destac\u00f3 el compromiso que tiene el alcalde Jos\u00e9 Mar\u00eda Fraustro Siller con el cuidado y preservaci\u00f3n del entorno natural.&nbsp;<\/p>\n\n\n\n<p>\u201cUna de las acciones que implementamos es la colocaci\u00f3n de este dep\u00f3sito de desechos electr\u00f3nicos para evitar que esos aparatos terminen en sitios que no son adecuados o que impacten negativamente al medio ambiente\u201d, afirm\u00f3 Franco Villalobos.&nbsp;<\/p>\n\n\n\n<p>Inform\u00f3 que el contenedor se ubica al norte de la ciudad, a un costado del Parque Perr\u00f3n, en la calle Xicot\u00e9ncatl, entre Quetzalc\u00f3atl y Huitzilopochtli, colonia Los Pinos, donde permanecer\u00e1 algunas semanas y posteriormente estar\u00e1 en diversos sectores estrat\u00e9gicos de Saltillo.&nbsp;<\/p>\n\n\n\n<p>Este contenedor recibir\u00e1 aparatos electr\u00f3nicos en desuso tales como celulares, laptops, computadoras, servidores, m\u00f3dems, cables, tablets, switches, tarjetas electr\u00f3nicas y consolas de videojuego.&nbsp;<\/p>\n\n\n\n<p>Por el contrario, lo que no se recibe son televisores anal\u00f3gicos ni monitores conocidos como CRT.&nbsp;<\/p>\n\n\n\n<p>Franco Villalobos exhort\u00f3 a la ciudadan\u00eda para que se abstenga de arrojar este tipo de desechos en lotes bald\u00edos, arroyos o calles y que opte por colocarlos en estos contenedores.<\/p>\n","protected":false},"excerpt":{"rendered":"<p>Se ubica a un costado del Parque Perr\u00f3n y ser\u00e1 itinerante en diversos sectores de Saltillo Saltillo, Coahuila de Zaragoza, a 14 de agosto de 2023.- Con el objetivo de procurar un adecuado manejo y confinamiento de desechos electr\u00f3nicos, el Gobierno Municipal de Saltillo, a trav\u00e9s de la Direcci\u00f3n de Medio Ambiente y Desarrollo Sustentable, [&hellip;]<\/p>\n","protected":false},"author":4,"featured_media":4425,"comment_status":"open","ping_status":"open","sticky":false,"template":"","format":"standard","meta":[],"categories":[5],"tags":[],"_links":{"self":[{"href":"https:\/\/alertasaltillo.com\/index.php\/wp-json\/wp\/v2\/posts\/4424"}],"collection":[{"href":"https:\/\/alertasaltillo.com\/index.php\/wp-json\/wp\/v2\/posts"}],"about":[{"href":"https:\/\/alertasaltillo.com\/index.php\/wp-json\/wp\/v2\/types\/post"}],"author":[{"embeddable":true,"href":"https:\/\/alertasaltillo.com\/index.php\/wp-json\/wp\/v2\/users\/4"}],"replies":[{"embeddable":true,"href":"https:\/\/alertasaltillo.com\/index.php\/wp-json\/wp\/v2\/comments?post=4424"}],"version-history":[{"count":1,"href":"https:\/\/alertasaltillo.com\/index.php\/wp-json\/wp\/v2\/posts\/4424\/revisions"}],"predecessor-version":[{"id":4426,"href":"https:\/\/alertasaltillo.com\/index.php\/wp-json\/wp\/v2\/posts\/4424\/revisions\/4426"}],"wp:featuredmedia":[{"embeddable":true,"href":"https:\/\/alertasaltillo.com\/index.php\/wp-json\/wp\/v2\/media\/4425"}],"wp:attachment":[{"href":"https:\/\/alertasaltillo.com\/index.php\/wp-json\/wp\/v2\/media?parent=4424"}],"wp:term":[{"taxonomy":"category","embeddable":true,"href":"https:\/\/alertasaltillo.com\/index.php\/wp-json\/wp\/v2\/categories?post=4424"},{"taxonomy":"post_tag","embeddable":true,"href":"https:\/\/alertasaltillo.com\/index.php\/wp-json\/wp\/v2\/tags?post=4424"}],"curies":[{"name":"wp","href":"https:\/\/api.w.org\/{rel}","templated":true}]}}