{"id":4415,"date":"2023-08-15T14:24:41","date_gmt":"2023-08-15T14:24:41","guid":{"rendered":"https:\/\/alertasaltillo.com\/?p=4415"},"modified":"2023-08-15T14:24:43","modified_gmt":"2023-08-15T14:24:43","slug":"apoya-chema-fraustro-a-jovenes-emprendedores","status":"publish","type":"post","link":"https:\/\/alertasaltillo.com\/index.php\/2023\/08\/15\/apoya-chema-fraustro-a-jovenes-emprendedores\/","title":{"rendered":"APOYA CHEMA FRAUSTRO A JOVENES EMPRENDEDORES"},"content":{"rendered":"\n<p><\/p>\n\n\n\n<p><em>e realiza con \u00e9xito el primer Mercado Joven; participan j\u00f3venes de distintos puntos de la ciudad<\/em><\/p>\n\n\n\n<p>Saltillo, Coahuila de Zaragoza, a 14 de agosto de 2023.- Con el impulso del alcalde Jos\u00e9 Mar\u00eda Fraustro Siller y la participaci\u00f3n de diversos j\u00f3venes emprendedores se llev\u00f3 a cabo con \u00e9xito la primera edici\u00f3n del Mercado Joven, donde mujeres y hombres entusiastas tuvieron la oportunidad de ofertar diferentes productos y servicios.<\/p>\n\n\n\n<p>El alcalde Jos\u00e9 Mar\u00eda Fraustro Siller felicit\u00f3 a las y los j\u00f3venes que participaron dentro del Mercado Joven y demostraron que tienen las ganas y habilidad para impulsar sus negocios.<\/p>\n\n\n\n<p>\u201cEs de reconocerse que desde j\u00f3venes tengan ese impulso para emprender y buscar nuevas oportunidades; sepan que el Gobierno Municipal es su aliado para que sigan adelante\u201d, mencion\u00f3.<\/p>\n\n\n\n<p>La Gran Plaza, ubicada en el Centro Metropolitano de la ciudad, fue el escenario donde las y los j\u00f3venes pudieron darse a conocer entre la comunidad.&nbsp;<\/p>\n\n\n\n<p>An\u00edbal Sober\u00f3n Rodr\u00edguez, director de Desarrollo Social del municipio, reconoci\u00f3 el entusiasmo y las ganas que tuvieron las y los muchachos emprendedores que participaron en el Mercado Joven.&nbsp;<\/p>\n\n\n\n<p>\u201cMe da gusto ver a tantas personas j\u00f3venes con ganas de emprender, creyendo en s\u00ed mismas. De la mano de la Direcci\u00f3n de Fomento Econ\u00f3mico y Turismo seguiremos trabajando con ustedes para llevar a cabo talleres de emprendimiento y de c\u00f3mo pueden mejorar su negocio\u201d, dijo.<\/p>\n\n\n\n<p>Alfonso Figueroa Vicu\u00f1a, director del Instituto Municipal de la Juventud, agradeci\u00f3 a cada uno de los emprendedores y emprendedoras que depositaron su confianza en el Gobierno Municipal para darse a conocer dentro de este proyecto.<\/p>\n\n\n\n<p>Dentro del Mercado Joven los visitantes tuvieron la oportunidad de adquirir productos como ropa para hombres, mujeres y beb\u00e9s, con prendas \u00fanicas y originales; productos de reposter\u00eda; juguetes de colecci\u00f3n; productos ecol\u00f3gicos amigables con el medio ambiente como jabones, cremas y shampoo.&nbsp;<\/p>\n\n\n\n<p>Tambi\u00e9n se cont\u00f3 con venta de joyer\u00eda, bisuter\u00eda, stickers, pines, productos de belleza y para el cabello, as\u00ed como productos para las mascotas como ropa, collares y correas.<\/p>\n\n\n\n<p>J\u00f3venes emprendedores adem\u00e1s ofertaron servicios de asesor\u00eda legal e inmobiliaria, pinta-caritas y shows infantiles.<\/p>\n","protected":false},"excerpt":{"rendered":"<p>e realiza con \u00e9xito el primer Mercado Joven; participan j\u00f3venes de distintos puntos de la ciudad Saltillo, Coahuila de Zaragoza, a 14 de agosto de 2023.- Con el impulso del alcalde Jos\u00e9 Mar\u00eda Fraustro Siller y la participaci\u00f3n de diversos j\u00f3venes emprendedores se llev\u00f3 a cabo con \u00e9xito la primera edici\u00f3n del Mercado Joven, donde [&hellip;]<\/p>\n","protected":false},"author":4,"featured_media":4416,"comment_status":"open","ping_status":"open","sticky":false,"template":"","format":"standard","meta":[],"categories":[5],"tags":[],"_links":{"self":[{"href":"https:\/\/alertasaltillo.com\/index.php\/wp-json\/wp\/v2\/posts\/4415"}],"collection":[{"href":"https:\/\/alertasaltillo.com\/index.php\/wp-json\/wp\/v2\/posts"}],"about":[{"href":"https:\/\/alertasaltillo.com\/index.php\/wp-json\/wp\/v2\/types\/post"}],"author":[{"embeddable":true,"href":"https:\/\/alertasaltillo.com\/index.php\/wp-json\/wp\/v2\/users\/4"}],"replies":[{"embeddable":true,"href":"https:\/\/alertasaltillo.com\/index.php\/wp-json\/wp\/v2\/comments?post=4415"}],"version-history":[{"count":1,"href":"https:\/\/alertasaltillo.com\/index.php\/wp-json\/wp\/v2\/posts\/4415\/revisions"}],"predecessor-version":[{"id":4417,"href":"https:\/\/alertasaltillo.com\/index.php\/wp-json\/wp\/v2\/posts\/4415\/revisions\/4417"}],"wp:featuredmedia":[{"embeddable":true,"href":"https:\/\/alertasaltillo.com\/index.php\/wp-json\/wp\/v2\/media\/4416"}],"wp:attachment":[{"href":"https:\/\/alertasaltillo.com\/index.php\/wp-json\/wp\/v2\/media?parent=4415"}],"wp:term":[{"taxonomy":"category","embeddable":true,"href":"https:\/\/alertasaltillo.com\/index.php\/wp-json\/wp\/v2\/categories?post=4415"},{"taxonomy":"post_tag","embeddable":true,"href":"https:\/\/alertasaltillo.com\/index.php\/wp-json\/wp\/v2\/tags?post=4415"}],"curies":[{"name":"wp","href":"https:\/\/api.w.org\/{rel}","templated":true}]}}