{"id":4412,"date":"2023-08-15T14:23:06","date_gmt":"2023-08-15T14:23:06","guid":{"rendered":"https:\/\/alertasaltillo.com\/?p=4412"},"modified":"2023-08-15T14:23:07","modified_gmt":"2023-08-15T14:23:07","slug":"rinden-homenaje-a-dos-grandes-de-la-rondalla-en-el-marco-del-festival-internacional-de-rondallas-saltillo","status":"publish","type":"post","link":"https:\/\/alertasaltillo.com\/index.php\/2023\/08\/15\/rinden-homenaje-a-dos-grandes-de-la-rondalla-en-el-marco-del-festival-internacional-de-rondallas-saltillo\/","title":{"rendered":"RINDEN HOMENAJE A DOS GRANDES DE LA RONDALLA, EN EL MARCO DEL FESTIVAL INTERNACIONAL DE RONDALLAS SALTILLO"},"content":{"rendered":"\n<p><\/p>\n\n\n\n<p>Saltillo, Coahuila de Zaragoza; a 14 de Agosto de 2023.- A fin de rendir homenaje a dos grandes personajes de la rondalla que fallecieron recientemente, se realiz\u00f3 un emotivo homenaje a Miguel \u00c1ngel Rodr\u00edguez Calder\u00f3n y Gerardo Antonio Garc\u00e9s Pachicano, en el marco del Festival Internacional de Rondallas Saltillo 2023 .&nbsp;<\/p>\n\n\n\n<p>Lo anterior fue dado a conocer por Carlos Morales Fragoso, quien encabeza la organizaci\u00f3n de este evento, que se realizar\u00e1 en esta ciudad del 18 al 20 de agosto de 2023.&nbsp;<\/p>\n\n\n\n<p>En este Festival de Rondallas participan 45 agrupaciones de M\u00e9xico, Cuba, Guatemala y Puerto Rico, y se ha realizado ya desde hace 19 a\u00f1os. En esta ocasi\u00f3n es la primera vez que se realiza en participaciones de car\u00e1cter internacional.&nbsp;<\/p>\n\n\n\n<p>El mismo inicia este viernes 18 de agosto en modalidad virtual a las 17:00 horas, a trav\u00e9s de las p\u00e1ginas de Facebook del Festival Internacional de Rondallas Saltillo y de la Secretar\u00eda de Cultura de Coahuila, y por IGradio desde Dallas, Texas.&nbsp;<\/p>\n\n\n\n<p>Este d\u00eda participa las rondallas Generaci\u00f3n Rom\u00e1ntica de Celaya, Guanajuato; Rondalla de Cuidad Mendoza, Veracruz; Rondalla de Chiapas; Rondalla Femenil Luz de Luna, de Guadalajara; Rondalla La Rom\u00e1ntica, de Silao; Iberorquesta Vocal Clave de Sol, de Cuba; Rondalla La Perla de Oro, del Baj\u00edo; Rondalla Voces del Recuerdo, de Oaxaca; Rondalla Nostalgia, de Torre\u00f3n; Rondalla Guatemala; Rondalla Siete Caballeros, de Quer\u00e9taro; Rondalla Matices del Alma, de Chimalhuac\u00e1n; Rondalla Diamantes, de Xalapa; Rondalla Cuerdas y Voces, de Le\u00f3n; Rondalla Rom\u00e1nticos Luceros, de Quer\u00e9taro; Rondalla Nocturno de Amor, de Puebla, y Rondalla Voces de Am\u00e9rica, de Puerto Rico&nbsp;<\/p>\n\n\n\n<p>El s\u00e1bado 19 la participaci\u00f3n ser\u00e1 en el auditorio de la Benem\u00e9rita Normal de Coahuila a partir de las 17:00 horas, con entrada libre antes del horario de inicio. Para quienes lleguen ya iniciado el concierto, se tendr\u00e1 un costo de recuperaci\u00f3n de 30 pesos.&nbsp;<\/p>\n\n\n\n<p>Se contar\u00e1 con la participaci\u00f3n de la Rondalla Sin Contrato de Amor, de Tlatlauquitepec, Puebla; Rondalla del Ayer, de Saltillo; Rondalla Ilusi\u00f3n Rom\u00e1ntica, de Atlacomulco, Estado de M\u00e9xico; Rondalla Infantil Sentimientos, de Saltillo; Rondalla Perla de Horus, del Instituto Tecnol\u00f3gico de Toluca; Rondalla IMSSpiraci\u00f3n, de Saltillo; Rondalla Santo Domingo, de Concepci\u00f3n del Oro, Zacatecas; Rondalla Sentimientos, de Saltillo; Rondalla Ensue\u00f1o de Amor, de Fresnillo, Zacatecas; Rondalla Coraz\u00f3n Rom\u00e1ntico, de Saltillo; Rondalla Tradici\u00f3n Bohemia, de San Juan del R\u00edo, Quer\u00e9taro; Rondalla del Instituto Tecnol\u00f3gico Superior de Cuidad Acu\u00f1a; Rondalla Voces del Alma, de Tlapocoyan, Veracruz, y Rondalla Monumental. Coordina Rondalla del Amor, de Saltillo, Homenaje a Gerardo Garc\u00e9s.&nbsp;<\/p>\n\n\n\n<p>Por \u00faltimo, el domingo 20 el encuentro ser\u00e1 desde el Paraninfo del Ateneo Fuente a partir de las 17:00, con entrada libre horas entrada libre antes del horario de inicio. Para quienes lleguen ya iniciado el concierto, se tendr\u00e1 un costo de recuperaci\u00f3n de 30 pesos.&nbsp;<\/p>\n\n\n\n<p>Se contar\u00e1 con la participaci\u00f3n de la Rondalla \u201cMario Mart\u00ednez Tob\u00edas\u201d, de Reynosa, Tamaulipas; Rondalla Romance, de Saltillo; Rondalla La Rom\u00e1ntica, de Guadalupe, Zacatecas; Rondallas Unidas de Saltillo; Rondalla Mixta Sentimiento, de Saltillo; Rondalla Inspiraci\u00f3n de Luna, de Reynosa, Tamaulipas; Rondalla Femenil de Saltillo; Rondalla Rojo Coraz\u00f3n, de Saltillo; Rondalla Inolvidable, de Saltillo; Rondalla Voz y Sentimiento, de Saltillo; La Rondalla del Ateneo Fuente Fundadores y Exintegrantes; Rondalla Amor y Nostalgia, de Saltillo; Exintegrantes de la Rondalla de Universitaria de la UAAAN y Asociaci\u00f3n Nacional de Exintegrantes de la Rondalla de Saltillo, todos en homenaje a Miguel \u00c1ngel Rodr\u00edguez.<\/p>\n","protected":false},"excerpt":{"rendered":"<p>Saltillo, Coahuila de Zaragoza; a 14 de Agosto de 2023.- A fin de rendir homenaje a dos grandes personajes de la rondalla que fallecieron recientemente, se realiz\u00f3 un emotivo homenaje a Miguel \u00c1ngel Rodr\u00edguez Calder\u00f3n y Gerardo Antonio Garc\u00e9s Pachicano, en el marco del Festival Internacional de Rondallas Saltillo 2023 .&nbsp; Lo anterior fue dado [&hellip;]<\/p>\n","protected":false},"author":4,"featured_media":4413,"comment_status":"open","ping_status":"open","sticky":false,"template":"","format":"standard","meta":[],"categories":[5],"tags":[],"_links":{"self":[{"href":"https:\/\/alertasaltillo.com\/index.php\/wp-json\/wp\/v2\/posts\/4412"}],"collection":[{"href":"https:\/\/alertasaltillo.com\/index.php\/wp-json\/wp\/v2\/posts"}],"about":[{"href":"https:\/\/alertasaltillo.com\/index.php\/wp-json\/wp\/v2\/types\/post"}],"author":[{"embeddable":true,"href":"https:\/\/alertasaltillo.com\/index.php\/wp-json\/wp\/v2\/users\/4"}],"replies":[{"embeddable":true,"href":"https:\/\/alertasaltillo.com\/index.php\/wp-json\/wp\/v2\/comments?post=4412"}],"version-history":[{"count":1,"href":"https:\/\/alertasaltillo.com\/index.php\/wp-json\/wp\/v2\/posts\/4412\/revisions"}],"predecessor-version":[{"id":4414,"href":"https:\/\/alertasaltillo.com\/index.php\/wp-json\/wp\/v2\/posts\/4412\/revisions\/4414"}],"wp:featuredmedia":[{"embeddable":true,"href":"https:\/\/alertasaltillo.com\/index.php\/wp-json\/wp\/v2\/media\/4413"}],"wp:attachment":[{"href":"https:\/\/alertasaltillo.com\/index.php\/wp-json\/wp\/v2\/media?parent=4412"}],"wp:term":[{"taxonomy":"category","embeddable":true,"href":"https:\/\/alertasaltillo.com\/index.php\/wp-json\/wp\/v2\/categories?post=4412"},{"taxonomy":"post_tag","embeddable":true,"href":"https:\/\/alertasaltillo.com\/index.php\/wp-json\/wp\/v2\/tags?post=4412"}],"curies":[{"name":"wp","href":"https:\/\/api.w.org\/{rel}","templated":true}]}}