{"id":4382,"date":"2023-08-14T14:54:51","date_gmt":"2023-08-14T14:54:51","guid":{"rendered":"https:\/\/alertasaltillo.com\/?p=4382"},"modified":"2023-08-14T14:54:51","modified_gmt":"2023-08-14T14:54:51","slug":"trabaja-saltillo-en-reacondicionamiento-de-gran-plaza","status":"publish","type":"post","link":"https:\/\/alertasaltillo.com\/index.php\/2023\/08\/14\/trabaja-saltillo-en-reacondicionamiento-de-gran-plaza\/","title":{"rendered":"TRABAJA SALTILLO EN REACONDICIONAMIENTO DE GRAN PLAZA"},"content":{"rendered":"\n<p><\/p>\n\n\n\n<p><em>Gobierno Municipal, a trav\u00e9s de Medio Ambiente y Desarrollo Sustentable ofrece espacios p\u00fablicos limpios y ordenados<\/em><\/p>\n\n\n\n<p>Saltillo, Coahuila de Zaragoza, a 13 de agosto de 2023.- Con la finalidad de ofrecer espacios p\u00fablicos limpios y ordenados, el Gobierno Municipal trabaja en el reacondicionamiento de la Gran Plaza, en el Centro Metropolitano de Saltillo.<\/p>\n\n\n\n<p>Sof\u00eda Franco Villalobos, titular de Medio Ambiente y Desarrollo Sustentable, inform\u00f3 que por instrucci\u00f3n del alcalde Jos\u00e9 Mar\u00eda Fraustro Siller se trabaja de manera permanente en este lugar de la capital coahuilense.<\/p>\n\n\n\n<p>\u201cPara el mantenimiento del monumento representativo de esta ic\u00f3nica plaza y que las familias puedan disfrutar de sus paseos, caminatas y tiempo de calidad con sus seres queridos, se utiliz\u00f3 pintura blanca y roja para delinear banquetas, pintura amarilla para los maceteros, as\u00ed como pintura de distintos colores\u201d, asegur\u00f3.<\/p>\n\n\n\n<p>Inform\u00f3 que se dio mantenimiento a mil 300 metros lineales de cord\u00f3n cuneta de los jardines, adem\u00e1s que, de manera permanente, cuadrillas de esta Direcci\u00f3n realizan tambi\u00e9n deshierbe, poda de arbolado, palmeras, as\u00ed como la rehabilitaci\u00f3n de sus \u00e1reas verdes para el beneficio de las y los saltillenses que acuden a esta representativa plaza al oriente de Saltillo.<\/p>\n\n\n\n<p><strong><em>Espacios de recreaci\u00f3n familiar<\/em><\/strong><\/p>\n\n\n\n<p>Franco Villalobos record\u00f3 que en fechas pr\u00f3ximas el alcalde Chema Fraustro iniciar\u00e1 un programa de mantenimiento y atenci\u00f3n de plazas p\u00fablicas municipales, que se suma a los trabajos permanentes en \u00e1reas verdes, a fin de ofrecer espacios municipales limpios y ordenados.<\/p>\n\n\n\n<p>Indic\u00f3 adem\u00e1s que pr\u00f3ximamente en la Gran Plaza se abrir\u00e1n las puertas del nuevo Parque Perr\u00f3n municipal, que brindar\u00e1 un espacio controlado para que las familias puedan disfrutar del paseo con sus mascotas de manera segura y divertida.<\/p>\n\n\n\n<p>Indic\u00f3 que este nuevo espacio contar\u00e1 con juegos y aparatos especiales como tobog\u00e1n-t\u00fanel, zigzag, obst\u00e1culos, rampa y bebederos para las mascotas, entre otros pasatiempos, adem\u00e1s de zonas de descanso para las familias, en un horario de 5:00 de la ma\u00f1ana a 10:00 de la noche, de lunes a domingo.<\/p>\n","protected":false},"excerpt":{"rendered":"<p>Gobierno Municipal, a trav\u00e9s de Medio Ambiente y Desarrollo Sustentable ofrece espacios p\u00fablicos limpios y ordenados Saltillo, Coahuila de Zaragoza, a 13 de agosto de 2023.- Con la finalidad de ofrecer espacios p\u00fablicos limpios y ordenados, el Gobierno Municipal trabaja en el reacondicionamiento de la Gran Plaza, en el Centro Metropolitano de Saltillo. Sof\u00eda Franco [&hellip;]<\/p>\n","protected":false},"author":4,"featured_media":4383,"comment_status":"open","ping_status":"open","sticky":false,"template":"","format":"standard","meta":[],"categories":[5],"tags":[],"_links":{"self":[{"href":"https:\/\/alertasaltillo.com\/index.php\/wp-json\/wp\/v2\/posts\/4382"}],"collection":[{"href":"https:\/\/alertasaltillo.com\/index.php\/wp-json\/wp\/v2\/posts"}],"about":[{"href":"https:\/\/alertasaltillo.com\/index.php\/wp-json\/wp\/v2\/types\/post"}],"author":[{"embeddable":true,"href":"https:\/\/alertasaltillo.com\/index.php\/wp-json\/wp\/v2\/users\/4"}],"replies":[{"embeddable":true,"href":"https:\/\/alertasaltillo.com\/index.php\/wp-json\/wp\/v2\/comments?post=4382"}],"version-history":[{"count":1,"href":"https:\/\/alertasaltillo.com\/index.php\/wp-json\/wp\/v2\/posts\/4382\/revisions"}],"predecessor-version":[{"id":4384,"href":"https:\/\/alertasaltillo.com\/index.php\/wp-json\/wp\/v2\/posts\/4382\/revisions\/4384"}],"wp:featuredmedia":[{"embeddable":true,"href":"https:\/\/alertasaltillo.com\/index.php\/wp-json\/wp\/v2\/media\/4383"}],"wp:attachment":[{"href":"https:\/\/alertasaltillo.com\/index.php\/wp-json\/wp\/v2\/media?parent=4382"}],"wp:term":[{"taxonomy":"category","embeddable":true,"href":"https:\/\/alertasaltillo.com\/index.php\/wp-json\/wp\/v2\/categories?post=4382"},{"taxonomy":"post_tag","embeddable":true,"href":"https:\/\/alertasaltillo.com\/index.php\/wp-json\/wp\/v2\/tags?post=4382"}],"curies":[{"name":"wp","href":"https:\/\/api.w.org\/{rel}","templated":true}]}}