{"id":4339,"date":"2023-08-11T15:12:18","date_gmt":"2023-08-11T15:12:18","guid":{"rendered":"https:\/\/alertasaltillo.com\/?p=4339"},"modified":"2023-08-11T15:12:18","modified_gmt":"2023-08-11T15:12:18","slug":"inicia-la-muestra-estatal-de-teatro-en-saltillo-con-una-exposicion-y-un-taller","status":"publish","type":"post","link":"https:\/\/alertasaltillo.com\/index.php\/2023\/08\/11\/inicia-la-muestra-estatal-de-teatro-en-saltillo-con-una-exposicion-y-un-taller\/","title":{"rendered":"INICIA LA MUESTRA ESTATAL DE TEATRO EN SALTILLO, CON UNA EXPOSICI\u00d3N Y UN TALLER"},"content":{"rendered":"\n<p>Saltillo, Coahuila de Zaragoza;&nbsp;&nbsp;10 de Agosto de 2023.- Como parte de las actividades de la Muestra estatal de Teatro, la Secretar\u00eda de Cultura (SC) inici\u00f3 este jueves en Saltillo el taller de \u201cDirecci\u00f3n esc\u00e9nica enfocada en las nuevas teatralidades (taller de Biodrama: teatro de la vida)\u201d y se inaugur\u00f3 la exposici\u00f3n CronoMETr\u00eda.<\/p>\n\n\n\n<p>La secretaria Ana Sof\u00eda Garc\u00eda Camil, durante la inauguraci\u00f3n de la exposici\u00f3n, coment\u00f3: \u201cExhibir estas instalaciones que nos remiten a las producciones de nuestras compa\u00f1\u00edas y que han sido pensadas por el maestro Juan Antonio Villarreal, un referente para el teatro de Coahuila en todas sus facetas (como dramaturgo, director, actor, escen\u00f3grafo, iluminador, vestuarista), as\u00ed como formador de generaciones de j\u00f3venes creadores, a quien reconozco su creatividad, su talento y su labor en esta exposici\u00f3n de retrospectiva, CronoMETr\u00eda es una gran muestra de la actividad teatral en Coahuila\u201d.<\/p>\n\n\n\n<p>\u201cEn los \u00faltimos a\u00f1os dimos cabida en diversos municipios a las tres actividades nacionales de mayor relevancia para este sector: El Circuito Teatro a una sola voz, la Muestra Estatal de Teatro y, de manera reciente, la Muestra Nacional del Teatro; pero adem\u00e1s se abrieron espacios de di\u00e1logo, encuentro y aprendizaje, as\u00ed como diversos apoyos para realizar actividades de difusi\u00f3n para los m\u00faltiples actores del sector teatral\u201d.<\/p>\n\n\n\n<p>\u201cEn esta ocasi\u00f3n\u201d, dijo Garc\u00eda Camil, \u201cquisimos ofrecer un evento completo, tanto para el creador como para el p\u00fablico, que siga dando pauta al avance esc\u00e9nico de nuestra comunidad, pues durante este mes se presentar\u00e1n ocho obras de teatro, una pieza esc\u00e9nica, dos talleres, uno en Saltillo y uno en Torre\u00f3n, y esta exposici\u00f3n que hoy nos re\u00fane para dar por inaugurado este encuentro dirigido a todo p\u00fablico\u201d.<\/p>\n\n\n\n<p>Sobre el taller, se inform\u00f3 que en el mismo se compartir\u00e1n distintas herramientas para la creaci\u00f3n esc\u00e9nica, direcci\u00f3n y actuaci\u00f3n a partir del biodrama, con el objetivo de que los asistentes conozcan diferentes formas para abordar la escena contempor\u00e1nea, y tiene como aspectos como dramaturgia esc\u00e9nica: laboratorios creativos, procesos de ternura radical, dispositivos, documento y archivo, teatro de la vida: contar y componer tu propia historia y la actuaci\u00f3n como presentaci\u00f3n ritual.<\/p>\n\n\n\n<p>Se lleva a cabo durante 4 d\u00edas en Casa La Besana, de esta ciudad, con un horario de las 16:00 a las 20:00 horas, y es de car\u00e1cter gratuito.&nbsp;<\/p>\n\n\n\n<p>Durante su arranque, la Secretaria de Cultura Ana Sof\u00eda Garc\u00eda Camil dijo: \u201cEl taller es impartido por Sayuri Elizabeth Navarro Leyva, quien es directora, actriz, dramaturga, performer y productora, quien actualmente forma parte del Programa Internacional de Dramaturgia: Royal Court Theatre + Anglo Arts en la UNAM. Adem\u00e1s de que es parte de la Direcci\u00f3n Art\u00edstica de la 43MNT y dirige el proyecto IYARI, teatro de la vida, compa\u00f1\u00eda que conf\u00eda en la potencia del teatro como productor de vida y realidad: un medio para apropiarnos de nuestra representaci\u00f3n.&nbsp;<\/p>\n\n\n\n<p>Investiga la creaci\u00f3n de dispositivos de enunciamiento, encuentro e intercambio de afectos a partir del biodrama, el performance, as\u00ed como de las teatralidades sociales y ficcionales.<\/p>\n\n\n\n<p><\/p>\n","protected":false},"excerpt":{"rendered":"<p>Saltillo, Coahuila de Zaragoza;&nbsp;&nbsp;10 de Agosto de 2023.- Como parte de las actividades de la Muestra estatal de Teatro, la Secretar\u00eda de Cultura (SC) inici\u00f3 este jueves en Saltillo el taller de \u201cDirecci\u00f3n esc\u00e9nica enfocada en las nuevas teatralidades (taller de Biodrama: teatro de la vida)\u201d y se inaugur\u00f3 la exposici\u00f3n CronoMETr\u00eda. La secretaria Ana [&hellip;]<\/p>\n","protected":false},"author":4,"featured_media":4340,"comment_status":"open","ping_status":"open","sticky":false,"template":"","format":"standard","meta":[],"categories":[5],"tags":[],"_links":{"self":[{"href":"https:\/\/alertasaltillo.com\/index.php\/wp-json\/wp\/v2\/posts\/4339"}],"collection":[{"href":"https:\/\/alertasaltillo.com\/index.php\/wp-json\/wp\/v2\/posts"}],"about":[{"href":"https:\/\/alertasaltillo.com\/index.php\/wp-json\/wp\/v2\/types\/post"}],"author":[{"embeddable":true,"href":"https:\/\/alertasaltillo.com\/index.php\/wp-json\/wp\/v2\/users\/4"}],"replies":[{"embeddable":true,"href":"https:\/\/alertasaltillo.com\/index.php\/wp-json\/wp\/v2\/comments?post=4339"}],"version-history":[{"count":1,"href":"https:\/\/alertasaltillo.com\/index.php\/wp-json\/wp\/v2\/posts\/4339\/revisions"}],"predecessor-version":[{"id":4341,"href":"https:\/\/alertasaltillo.com\/index.php\/wp-json\/wp\/v2\/posts\/4339\/revisions\/4341"}],"wp:featuredmedia":[{"embeddable":true,"href":"https:\/\/alertasaltillo.com\/index.php\/wp-json\/wp\/v2\/media\/4340"}],"wp:attachment":[{"href":"https:\/\/alertasaltillo.com\/index.php\/wp-json\/wp\/v2\/media?parent=4339"}],"wp:term":[{"taxonomy":"category","embeddable":true,"href":"https:\/\/alertasaltillo.com\/index.php\/wp-json\/wp\/v2\/categories?post=4339"},{"taxonomy":"post_tag","embeddable":true,"href":"https:\/\/alertasaltillo.com\/index.php\/wp-json\/wp\/v2\/tags?post=4339"}],"curies":[{"name":"wp","href":"https:\/\/api.w.org\/{rel}","templated":true}]}}