{"id":4332,"date":"2023-08-10T21:22:10","date_gmt":"2023-08-10T21:22:10","guid":{"rendered":"https:\/\/alertasaltillo.com\/?p=4332"},"modified":"2023-08-10T21:22:13","modified_gmt":"2023-08-10T21:22:13","slug":"habra-feria-del-regreso-a-clases-con-descuentos-en-utiles-escolares","status":"publish","type":"post","link":"https:\/\/alertasaltillo.com\/index.php\/2023\/08\/10\/habra-feria-del-regreso-a-clases-con-descuentos-en-utiles-escolares\/","title":{"rendered":"HABRA FERIA DEL REGRESO A CLASES CON DESCUENTOS EN \u00daTILES ESCOLARES"},"content":{"rendered":"\n<p><\/p>\n\n\n\n<p><em>Participan el Municipio de Saltillo, Canaco y Profeco<\/em><\/p>\n\n\n\n<p>Saltillo, Coahuila de Zaragoza, a 8 de agosto de 2023.- A fin de apoyar la econom\u00eda de las familias saltillenses, del 17 al 21 de agosto se llevar\u00e1 a cabo en la ciudad la Feria del Regreso a Clases con descuentos de hasta el 25 por ciento.<\/p>\n\n\n\n<p>Para ello se trabaja de manera coordinada entre el Gobierno Municipal a trav\u00e9s de las direcciones de Desarrollo Social y Fomento Econ\u00f3mico y Turismo; la C\u00e1mara de Comercio de Saltillo (Canaco); y la Procuradur\u00eda Federal del Consumidor en Coahuila (Profeco).<\/p>\n\n\n\n<p>El alcalde Jos\u00e9 Mar\u00eda Fraustro Siller invit\u00f3 a las madres y padres de familia a realizar sus compras durante esta Feria para aprovechar los descuentos en materiales escolares, ropa y calzado para el regreso a clases.<\/p>\n\n\n\n<p>\u201cLos comercios de Saltillo ofrecer\u00e1n descuentos del 10 al 25 por ciento dependiendo de las empresas y el tipo de productos que se ponen a disposici\u00f3n\u201d, dijo.<\/p>\n\n\n\n<p>Mencion\u00f3 que durante los pr\u00f3ximos d\u00edas la Canaco dar\u00e1 a conocer cada uno de los establecimientos que participar\u00e1n dentro de la Feria del Regreso a Clases y que ofrecer\u00e1n los descuentos dentro de sus instalaciones.<\/p>\n\n\n\n<p>Durante el trascurso de la Feria, Profeco y Canaco observar\u00e1n que los productos ofertados sean de calidad.<\/p>\n\n\n\n<p><strong><em>\u00a1An\u00f3telo!<\/em><\/strong><\/p>\n\n\n\n<p>\u2022&nbsp;&nbsp;&nbsp;&nbsp;&nbsp;&nbsp;&nbsp;&nbsp;&nbsp;Feria del Regreso a Clases<\/p>\n\n\n\n<p>\u2022&nbsp;&nbsp;&nbsp;&nbsp;&nbsp;&nbsp;&nbsp;&nbsp;&nbsp;Del 17 al 21 de agosto<\/p>\n\n\n\n<p>\u2022&nbsp;&nbsp;&nbsp;&nbsp;&nbsp;&nbsp;&nbsp;&nbsp;&nbsp;Participar\u00e1n negocios de materiales escolares, ropa y calzado<\/p>\n\n\n\n<p>\u2022&nbsp;&nbsp;&nbsp;&nbsp;&nbsp;&nbsp;&nbsp;&nbsp;&nbsp;Ofrecer\u00e1n descuentos del 10 al 25 por ciento<\/p>\n","protected":false},"excerpt":{"rendered":"<p>Participan el Municipio de Saltillo, Canaco y Profeco Saltillo, Coahuila de Zaragoza, a 8 de agosto de 2023.- A fin de apoyar la econom\u00eda de las familias saltillenses, del 17 al 21 de agosto se llevar\u00e1 a cabo en la ciudad la Feria del Regreso a Clases con descuentos de hasta el 25 por ciento. [&hellip;]<\/p>\n","protected":false},"author":4,"featured_media":4333,"comment_status":"open","ping_status":"open","sticky":false,"template":"","format":"standard","meta":[],"categories":[5],"tags":[],"_links":{"self":[{"href":"https:\/\/alertasaltillo.com\/index.php\/wp-json\/wp\/v2\/posts\/4332"}],"collection":[{"href":"https:\/\/alertasaltillo.com\/index.php\/wp-json\/wp\/v2\/posts"}],"about":[{"href":"https:\/\/alertasaltillo.com\/index.php\/wp-json\/wp\/v2\/types\/post"}],"author":[{"embeddable":true,"href":"https:\/\/alertasaltillo.com\/index.php\/wp-json\/wp\/v2\/users\/4"}],"replies":[{"embeddable":true,"href":"https:\/\/alertasaltillo.com\/index.php\/wp-json\/wp\/v2\/comments?post=4332"}],"version-history":[{"count":1,"href":"https:\/\/alertasaltillo.com\/index.php\/wp-json\/wp\/v2\/posts\/4332\/revisions"}],"predecessor-version":[{"id":4334,"href":"https:\/\/alertasaltillo.com\/index.php\/wp-json\/wp\/v2\/posts\/4332\/revisions\/4334"}],"wp:featuredmedia":[{"embeddable":true,"href":"https:\/\/alertasaltillo.com\/index.php\/wp-json\/wp\/v2\/media\/4333"}],"wp:attachment":[{"href":"https:\/\/alertasaltillo.com\/index.php\/wp-json\/wp\/v2\/media?parent=4332"}],"wp:term":[{"taxonomy":"category","embeddable":true,"href":"https:\/\/alertasaltillo.com\/index.php\/wp-json\/wp\/v2\/categories?post=4332"},{"taxonomy":"post_tag","embeddable":true,"href":"https:\/\/alertasaltillo.com\/index.php\/wp-json\/wp\/v2\/tags?post=4332"}],"curies":[{"name":"wp","href":"https:\/\/api.w.org\/{rel}","templated":true}]}}