{"id":4326,"date":"2023-08-10T21:17:13","date_gmt":"2023-08-10T21:17:13","guid":{"rendered":"https:\/\/alertasaltillo.com\/?p=4326"},"modified":"2023-08-10T21:17:16","modified_gmt":"2023-08-10T21:17:16","slug":"hara-dif-saltillo-taller-ruptura-de-pareja-no-de-familia","status":"publish","type":"post","link":"https:\/\/alertasaltillo.com\/index.php\/2023\/08\/10\/hara-dif-saltillo-taller-ruptura-de-pareja-no-de-familia\/","title":{"rendered":"HARA DIF SALTILLO TALLER \u00abRUPTURA DE PAREJA, NO DE FAMILIA\u00bb"},"content":{"rendered":"\n<p><\/p>\n\n\n\n<p><em>aller simult\u00e1neo; dirigido a todo p\u00fablico<\/em><\/p>\n\n\n\n<p>Saltillo, Coahuila de Zaragoza, a 9 de agosto de 2023.- El DIF Saltillo llevar\u00e1 a cabo el taller \u201cRuptura de pareja, no de familia\u201d con el objetivo de disminuir los efectos negativos en los hijos e hijas, tras la terminaci\u00f3n de las relaciones de pareja.<\/p>\n\n\n\n<p>Daniel Samperio D\u00e1vila, director general del DIF Saltillo, inform\u00f3 que este taller ayuda a todos los miembros de la familia a superar eficazmente el proceso de la ruptura de la pareja, y en particular al atender las necesidades de los hijos e hijas y normalizar respetuosamente las relaciones familiares.&nbsp;<\/p>\n\n\n\n<p>Las sesiones ser\u00e1n los pr\u00f3ximos tres viernes: 11, 18 y 25 de agosto, todas en horario de 11:00 a 13:00 horas.<\/p>\n\n\n\n<p>El taller \u201cRuptura de pareja, no de familia\u201d se desarrollar\u00e1 en las instalaciones del DIF Saltillo en la calle D\u00e1maso Rodr\u00edguez 275, colonia Nuevo Centro Metropolitano.<\/p>\n\n\n\n<p>Para informes e inscripciones pueden comunicarse v\u00eda WhatsApp en el 844.229.01.59 en horario de 9:00 a 15:00 horas.<\/p>\n","protected":false},"excerpt":{"rendered":"<p>aller simult\u00e1neo; dirigido a todo p\u00fablico Saltillo, Coahuila de Zaragoza, a 9 de agosto de 2023.- El DIF Saltillo llevar\u00e1 a cabo el taller \u201cRuptura de pareja, no de familia\u201d con el objetivo de disminuir los efectos negativos en los hijos e hijas, tras la terminaci\u00f3n de las relaciones de pareja. Daniel Samperio D\u00e1vila, director [&hellip;]<\/p>\n","protected":false},"author":4,"featured_media":4327,"comment_status":"open","ping_status":"open","sticky":false,"template":"","format":"standard","meta":[],"categories":[5],"tags":[],"_links":{"self":[{"href":"https:\/\/alertasaltillo.com\/index.php\/wp-json\/wp\/v2\/posts\/4326"}],"collection":[{"href":"https:\/\/alertasaltillo.com\/index.php\/wp-json\/wp\/v2\/posts"}],"about":[{"href":"https:\/\/alertasaltillo.com\/index.php\/wp-json\/wp\/v2\/types\/post"}],"author":[{"embeddable":true,"href":"https:\/\/alertasaltillo.com\/index.php\/wp-json\/wp\/v2\/users\/4"}],"replies":[{"embeddable":true,"href":"https:\/\/alertasaltillo.com\/index.php\/wp-json\/wp\/v2\/comments?post=4326"}],"version-history":[{"count":1,"href":"https:\/\/alertasaltillo.com\/index.php\/wp-json\/wp\/v2\/posts\/4326\/revisions"}],"predecessor-version":[{"id":4328,"href":"https:\/\/alertasaltillo.com\/index.php\/wp-json\/wp\/v2\/posts\/4326\/revisions\/4328"}],"wp:featuredmedia":[{"embeddable":true,"href":"https:\/\/alertasaltillo.com\/index.php\/wp-json\/wp\/v2\/media\/4327"}],"wp:attachment":[{"href":"https:\/\/alertasaltillo.com\/index.php\/wp-json\/wp\/v2\/media?parent=4326"}],"wp:term":[{"taxonomy":"category","embeddable":true,"href":"https:\/\/alertasaltillo.com\/index.php\/wp-json\/wp\/v2\/categories?post=4326"},{"taxonomy":"post_tag","embeddable":true,"href":"https:\/\/alertasaltillo.com\/index.php\/wp-json\/wp\/v2\/tags?post=4326"}],"curies":[{"name":"wp","href":"https:\/\/api.w.org\/{rel}","templated":true}]}}