{"id":4320,"date":"2023-08-10T21:12:04","date_gmt":"2023-08-10T21:12:04","guid":{"rendered":"https:\/\/alertasaltillo.com\/?p=4320"},"modified":"2023-08-10T21:12:06","modified_gmt":"2023-08-10T21:12:06","slug":"dara-centro-comunitario-valle-de-las-aves-desarrollo-a-las-familias","status":"publish","type":"post","link":"https:\/\/alertasaltillo.com\/index.php\/2023\/08\/10\/dara-centro-comunitario-valle-de-las-aves-desarrollo-a-las-familias\/","title":{"rendered":"DAR\u00c1 CENTRO COMUNITARIO VALLE DE LAS AVES DESARROLLO A LAS FAMILIAS"},"content":{"rendered":"\n<p><\/p>\n\n\n\n<p><em>Construcci\u00f3n registra 35 por ciento de avance<\/em><\/p>\n\n\n\n<p>Saltillo, Coahuila de Zaragoza, a 9 de agosto de 2023.- Los proyectos que forman parte del 2do Marat\u00f3n de Obras Saltillo Nos Une tienen como prop\u00f3sito mejorar la infraestructura urbana y elevar la calidad de vida de la poblaci\u00f3n, como es el caso del Centro Comunitario que se construye en la colonia Valle de las Aves, afirm\u00f3 el alcalde Jos\u00e9 Mar\u00eda Fraustro Siller.<\/p>\n\n\n\n<p>El alcalde destac\u00f3 que el Centro Comunitario, el cual tiene un avance del 35 por ciento, proveer\u00e1 una red de servicios que impactar\u00e1n favorablemente en el desarrollo de las familias de toda una zona.<\/p>\n\n\n\n<p>Este 2do Marat\u00f3n de Obras es posible, afirm\u00f3 Chema Fraustro, gracias al trabajo unido que se realiza con el gobernador Miguel \u00c1ngel Riquelme Sol\u00eds.<\/p>\n\n\n\n<p>\u201cLo que buscamos es llevar este Marat\u00f3n de Obras a los diferentes sectores de la ciudad para que todos los saltillenses se beneficien con ellas; el Centro Comunitario de Valle de las Aves podr\u00e1n disfrutarlo vecinos de este y sectores aleda\u00f1os\u201d, afirm\u00f3 el Alcalde.<\/p>\n\n\n\n<p>Chema Fraustro dijo que, una vez concluido, este nuevo espacio brindar\u00e1 actividades de esparcimiento y de desarrollo social para personas de todas las edades.&nbsp;<\/p>\n\n\n\n<p>Adem\u00e1s de la colonia Valle de las Aves donde se construye, este Centro Comunitario tambi\u00e9n beneficiar\u00e1 a vecinos de los sectores Nueva Imagen, El Salvador, Lomas de San Javier, El Pedregal, entre otros ubicados al oriente del bulevar Otilio Gonz\u00e1lez.&nbsp;<\/p>\n\n\n\n<p>El Centro Comunitario Valle de las Aves contar\u00e1 con un sal\u00f3n de usos m\u00faltiples que estar\u00e1 equipado, adem\u00e1s de una explanada con malla sombra para realizar actividades al aire libre.<\/p>\n","protected":false},"excerpt":{"rendered":"<p>Construcci\u00f3n registra 35 por ciento de avance Saltillo, Coahuila de Zaragoza, a 9 de agosto de 2023.- Los proyectos que forman parte del 2do Marat\u00f3n de Obras Saltillo Nos Une tienen como prop\u00f3sito mejorar la infraestructura urbana y elevar la calidad de vida de la poblaci\u00f3n, como es el caso del Centro Comunitario que se [&hellip;]<\/p>\n","protected":false},"author":4,"featured_media":4321,"comment_status":"open","ping_status":"open","sticky":false,"template":"","format":"standard","meta":[],"categories":[5],"tags":[],"_links":{"self":[{"href":"https:\/\/alertasaltillo.com\/index.php\/wp-json\/wp\/v2\/posts\/4320"}],"collection":[{"href":"https:\/\/alertasaltillo.com\/index.php\/wp-json\/wp\/v2\/posts"}],"about":[{"href":"https:\/\/alertasaltillo.com\/index.php\/wp-json\/wp\/v2\/types\/post"}],"author":[{"embeddable":true,"href":"https:\/\/alertasaltillo.com\/index.php\/wp-json\/wp\/v2\/users\/4"}],"replies":[{"embeddable":true,"href":"https:\/\/alertasaltillo.com\/index.php\/wp-json\/wp\/v2\/comments?post=4320"}],"version-history":[{"count":1,"href":"https:\/\/alertasaltillo.com\/index.php\/wp-json\/wp\/v2\/posts\/4320\/revisions"}],"predecessor-version":[{"id":4322,"href":"https:\/\/alertasaltillo.com\/index.php\/wp-json\/wp\/v2\/posts\/4320\/revisions\/4322"}],"wp:featuredmedia":[{"embeddable":true,"href":"https:\/\/alertasaltillo.com\/index.php\/wp-json\/wp\/v2\/media\/4321"}],"wp:attachment":[{"href":"https:\/\/alertasaltillo.com\/index.php\/wp-json\/wp\/v2\/media?parent=4320"}],"wp:term":[{"taxonomy":"category","embeddable":true,"href":"https:\/\/alertasaltillo.com\/index.php\/wp-json\/wp\/v2\/categories?post=4320"},{"taxonomy":"post_tag","embeddable":true,"href":"https:\/\/alertasaltillo.com\/index.php\/wp-json\/wp\/v2\/tags?post=4320"}],"curies":[{"name":"wp","href":"https:\/\/api.w.org\/{rel}","templated":true}]}}