{"id":4259,"date":"2023-08-07T15:27:03","date_gmt":"2023-08-07T15:27:03","guid":{"rendered":"https:\/\/alertasaltillo.com\/?p=4259"},"modified":"2023-08-07T15:27:04","modified_gmt":"2023-08-07T15:27:04","slug":"concluyen-cursos-de-verano-en-saltillo","status":"publish","type":"post","link":"https:\/\/alertasaltillo.com\/index.php\/2023\/08\/07\/concluyen-cursos-de-verano-en-saltillo\/","title":{"rendered":"CONCLUYEN CURSOS DE VERANO EN SALTILLO"},"content":{"rendered":"\n<p><em>Realizan cierre con revista musical; se atendieron a 600 ni\u00f1as y ni\u00f1os en ambas sedes<\/em><\/p>\n\n\n\n<p>Saltillo, Coahuila de Zaragoza, a 6 de agosto de 2023.- Despu\u00e9s de dos semanas, con una revista musical con tem\u00e1tica del circo, concluyeron los Cursos de Verano que se impartieron en ambos Biblioparques por parte del Gobierno Municipal y en los que participaron 600 ni\u00f1as y ni\u00f1os.<\/p>\n\n\n\n<p>Fue del 24 de julio al 4 de agosto cuando los participantes tuvieron la oportunidad de disfrutar de diversas actividades recreativas, educativas y de prevenci\u00f3n organizadas a trav\u00e9s de la Direcci\u00f3n de Desarrollo Social, en coordinaci\u00f3n con el DIF Saltillo.<\/p>\n\n\n\n<p>En el cierre de los cursos de verano estuvieron presentes Daniel Samperio D\u00e1vila, director general del DIF Saltillo; Gloria Flores R\u00edos, titular de Biblioparques; y Gregorio Garc\u00eda Rodr\u00edguez, titular de Educaci\u00f3n.<\/p>\n\n\n\n<p>Adem\u00e1s de la revista musical se realiz\u00f3 la entrega de reconocimientos a los ganadores de los torneos deportivos.<\/p>\n\n\n\n<p>Durante las dos semanas se llevaron a cabo actividades, con tem\u00e1tica de circo, como manualidades donde realizaron art\u00edculos como sombreros, antifaces y zancos; y plastilina donde realizaron figuras como conejos, domadores de circo y leones.<\/p>\n\n\n\n<p>Se cont\u00f3 con activaci\u00f3n deportiva con futbol, tochito, tenis y beisbol y las ni\u00f1as y ni\u00f1os pudieron elegir participar en un taller libre de baile, escenograf\u00eda y torneos deportivos.<\/p>\n\n\n\n<p>Adem\u00e1s, se realiz\u00f3 un taller de sensibilizaci\u00f3n por parte del DIF Saltillo; la demostraci\u00f3n canina del K9 por parte de la Direcci\u00f3n de Proximidad Social y Prevenci\u00f3n; una pl\u00e1tica del cuidado del medio ambiente por la Direcci\u00f3n de Medio Ambiente y Desarrollo Sustentable; y una pl\u00e1tica de primeros auxilios infantil por parte de la Direcci\u00f3n de Protecci\u00f3n Civil y Bomberos.<\/p>\n\n\n\n<p><\/p>\n","protected":false},"excerpt":{"rendered":"<p>Realizan cierre con revista musical; se atendieron a 600 ni\u00f1as y ni\u00f1os en ambas sedes Saltillo, Coahuila de Zaragoza, a 6 de agosto de 2023.- Despu\u00e9s de dos semanas, con una revista musical con tem\u00e1tica del circo, concluyeron los Cursos de Verano que se impartieron en ambos Biblioparques por parte del Gobierno Municipal y en [&hellip;]<\/p>\n","protected":false},"author":4,"featured_media":4260,"comment_status":"open","ping_status":"open","sticky":false,"template":"","format":"standard","meta":[],"categories":[5],"tags":[],"_links":{"self":[{"href":"https:\/\/alertasaltillo.com\/index.php\/wp-json\/wp\/v2\/posts\/4259"}],"collection":[{"href":"https:\/\/alertasaltillo.com\/index.php\/wp-json\/wp\/v2\/posts"}],"about":[{"href":"https:\/\/alertasaltillo.com\/index.php\/wp-json\/wp\/v2\/types\/post"}],"author":[{"embeddable":true,"href":"https:\/\/alertasaltillo.com\/index.php\/wp-json\/wp\/v2\/users\/4"}],"replies":[{"embeddable":true,"href":"https:\/\/alertasaltillo.com\/index.php\/wp-json\/wp\/v2\/comments?post=4259"}],"version-history":[{"count":1,"href":"https:\/\/alertasaltillo.com\/index.php\/wp-json\/wp\/v2\/posts\/4259\/revisions"}],"predecessor-version":[{"id":4261,"href":"https:\/\/alertasaltillo.com\/index.php\/wp-json\/wp\/v2\/posts\/4259\/revisions\/4261"}],"wp:featuredmedia":[{"embeddable":true,"href":"https:\/\/alertasaltillo.com\/index.php\/wp-json\/wp\/v2\/media\/4260"}],"wp:attachment":[{"href":"https:\/\/alertasaltillo.com\/index.php\/wp-json\/wp\/v2\/media?parent=4259"}],"wp:term":[{"taxonomy":"category","embeddable":true,"href":"https:\/\/alertasaltillo.com\/index.php\/wp-json\/wp\/v2\/categories?post=4259"},{"taxonomy":"post_tag","embeddable":true,"href":"https:\/\/alertasaltillo.com\/index.php\/wp-json\/wp\/v2\/tags?post=4259"}],"curies":[{"name":"wp","href":"https:\/\/api.w.org\/{rel}","templated":true}]}}