{"id":4249,"date":"2023-08-07T15:18:07","date_gmt":"2023-08-07T15:18:07","guid":{"rendered":"https:\/\/alertasaltillo.com\/?p=4249"},"modified":"2023-08-07T15:18:10","modified_gmt":"2023-08-07T15:18:10","slug":"promueve-chema-fraustro-ddesarrollo-de-la-juventud","status":"publish","type":"post","link":"https:\/\/alertasaltillo.com\/index.php\/2023\/08\/07\/promueve-chema-fraustro-ddesarrollo-de-la-juventud\/","title":{"rendered":"PROMUEVE CHEMA FRAUSTRO DDESARROLLO DE LA JUVENTUD"},"content":{"rendered":"\n<p><\/p>\n\n\n\n<p><em>Habr\u00e1 cursos de ingl\u00e9s gratuitos en l\u00ednea; se realizar\u00e1 el primer Mercado Joven para la oferta de productos y servicios<\/em><\/p>\n\n\n\n<p>Saltillo, Coahuila de Zaragoza, a 6 de agosto de 2023.- A fin de impulsar a las y los j\u00f3venes saltillenses y brindarles herramientas educativas para su futuro, el Gobierno Municipal de Saltillo anunci\u00f3 que habr\u00e1 cursos de ingl\u00e9s gratuitos en l\u00ednea y se llevar\u00e1 a cabo el primer Mercado Joven.<\/p>\n\n\n\n<p>El alcalde Jos\u00e9 Mar\u00eda Fraustro Siller destac\u00f3 que desde el inicio de su administraci\u00f3n, se trabaja con objetivos enfocados en que la juventud pueda desarrollarse en todos los \u00e1mbitos y que vean en el Gobierno Municipal un aliado para ello.<\/p>\n\n\n\n<p>Chema Fraustro coment\u00f3 que las pol\u00edticas p\u00fablicas de su administraci\u00f3n se enfocan al desarrollo de la calidad de vida de la poblaci\u00f3n en todos los \u00e1mbitos y para el caso de la juventud se han rehabilitado parques p\u00fablicos para que realicen actividades deportivas y recreativas; en los Centros Comunitarios se cuenta con internet gratuito, talleres y cursos; y se hecho la entrega de apoyos econ\u00f3micos para que contin\u00faen con sus estudios, entre otras acciones.<\/p>\n\n\n\n<p>A\u00f1adi\u00f3 que los programas para el desarrollo de la juventud ser\u00e1n permanentes en su administraci\u00f3n.<\/p>\n\n\n\n<p><strong><em>Emprendimiento<\/em><\/strong><\/p>\n\n\n\n<p>Alfonso Figueroa Vicu\u00f1a, director del Instituto Municipal de la Juventud, mencion\u00f3 que con el primer Mercado Joven se apoyar\u00e1 a que los j\u00f3venes emprendedores puedan darse a conocer y exponer sus productos y servicios.<\/p>\n\n\n\n<p>El primer Mercado Joven se llevar\u00e1 a cabo el 13 de agosto, de 15:00 a 20:00 horas, en la Alameda Zaragoza, frente a la Biblioteca, y actualmente se encuentran abiertas las inscripciones en la p\u00e1gina&nbsp;<a href=\"http:\/\/www.linktr.ee\/juventudnosune\" rel=\"noreferrer noopener\" target=\"_blank\">www.linktr.ee\/juventudnosune<\/a>&nbsp;con cupo limitado.<\/p>\n\n\n\n<p>\u201cPueden participar j\u00f3venes de hasta 29 a\u00f1os, desde aquellos con su marca registrada hasta quienes est\u00e1n dando sus primeros pasos en el mundo del emprendimiento\u201d, dijo.<\/p>\n\n\n\n<p>Asimismo, dio a conocer que en coordinaci\u00f3n con la Universidad Polit\u00e9cnica de Ramos Arizpe (UPRA) se ofrecer\u00e1 un Curso de Ingl\u00e9s gratuito y en l\u00ednea para nivel principiante para las y los j\u00f3venes.<\/p>\n\n\n\n<p>Dar\u00e1 inicio el lunes 21 de agosto y la fecha l\u00edmite para inscribirse es el 11 de agosto, por lo que exhort\u00f3 a los j\u00f3venes a partir de los 13 a\u00f1os a inscribirse en la p\u00e1gina&nbsp;<a href=\"https:\/\/forms.gle\/SETKKUWwi7f78pRb6\" rel=\"noreferrer noopener\" target=\"_blank\">https:\/\/forms.gle\/SETKKUWwi7f78pRb6<\/a>.<\/p>\n\n\n\n<p>Los requisitos son vivir en Saltillo, contar un dispositivo con acceso a internet y tener un correo electr\u00f3nico de Gmail.<\/p>\n\n\n\n<p>Con una duraci\u00f3n de un a\u00f1o, el Curso de Ingl\u00e9s se llevar\u00e1 a cabo bajo la siguiente din\u00e1mica: ser\u00e1 un m\u00f3dulo por semana, cada m\u00f3dulo consiste en clases y contenido precargado para realizarse entre lunes y viernes y se deja fin de semana para contestar examen del mismo.<\/p>\n\n\n\n<p>Ser\u00e1n de 9 a 10 m\u00f3dulos por curso y un total de 6 cursos. Al finalizar se har\u00e1 entrega de su constancia.<\/p>\n","protected":false},"excerpt":{"rendered":"<p>Habr\u00e1 cursos de ingl\u00e9s gratuitos en l\u00ednea; se realizar\u00e1 el primer Mercado Joven para la oferta de productos y servicios Saltillo, Coahuila de Zaragoza, a 6 de agosto de 2023.- A fin de impulsar a las y los j\u00f3venes saltillenses y brindarles herramientas educativas para su futuro, el Gobierno Municipal de Saltillo anunci\u00f3 que habr\u00e1 [&hellip;]<\/p>\n","protected":false},"author":4,"featured_media":4250,"comment_status":"open","ping_status":"open","sticky":false,"template":"","format":"standard","meta":[],"categories":[5],"tags":[],"_links":{"self":[{"href":"https:\/\/alertasaltillo.com\/index.php\/wp-json\/wp\/v2\/posts\/4249"}],"collection":[{"href":"https:\/\/alertasaltillo.com\/index.php\/wp-json\/wp\/v2\/posts"}],"about":[{"href":"https:\/\/alertasaltillo.com\/index.php\/wp-json\/wp\/v2\/types\/post"}],"author":[{"embeddable":true,"href":"https:\/\/alertasaltillo.com\/index.php\/wp-json\/wp\/v2\/users\/4"}],"replies":[{"embeddable":true,"href":"https:\/\/alertasaltillo.com\/index.php\/wp-json\/wp\/v2\/comments?post=4249"}],"version-history":[{"count":1,"href":"https:\/\/alertasaltillo.com\/index.php\/wp-json\/wp\/v2\/posts\/4249\/revisions"}],"predecessor-version":[{"id":4251,"href":"https:\/\/alertasaltillo.com\/index.php\/wp-json\/wp\/v2\/posts\/4249\/revisions\/4251"}],"wp:featuredmedia":[{"embeddable":true,"href":"https:\/\/alertasaltillo.com\/index.php\/wp-json\/wp\/v2\/media\/4250"}],"wp:attachment":[{"href":"https:\/\/alertasaltillo.com\/index.php\/wp-json\/wp\/v2\/media?parent=4249"}],"wp:term":[{"taxonomy":"category","embeddable":true,"href":"https:\/\/alertasaltillo.com\/index.php\/wp-json\/wp\/v2\/categories?post=4249"},{"taxonomy":"post_tag","embeddable":true,"href":"https:\/\/alertasaltillo.com\/index.php\/wp-json\/wp\/v2\/tags?post=4249"}],"curies":[{"name":"wp","href":"https:\/\/api.w.org\/{rel}","templated":true}]}}