{"id":4225,"date":"2023-08-05T02:52:48","date_gmt":"2023-08-05T02:52:48","guid":{"rendered":"https:\/\/alertasaltillo.com\/?p=4225"},"modified":"2023-08-05T02:52:50","modified_gmt":"2023-08-05T02:52:50","slug":"con-obra-e-inversion-mejora-saltillo-la-zona-centro","status":"publish","type":"post","link":"https:\/\/alertasaltillo.com\/index.php\/2023\/08\/05\/con-obra-e-inversion-mejora-saltillo-la-zona-centro\/","title":{"rendered":"CON OBRA E INVERSI\u00d3N MEJORA SALTILLO LA ZONA CENTRO"},"content":{"rendered":"\n<p><em>Rehabilita Municipio importantes vialidades y en poco tiempo concluir\u00e1 el Paseo Capital<\/em><\/p>\n\n\n\n<p>Saltillo, Coahuila de Zaragoza, a 4 de agosto de 2023.- Gracias a un trabajo coordinado entre el alcalde Jos\u00e9 Mar\u00eda Fraustro Siller y el gobernador Miguel \u00c1ngel Riquelme Sol\u00eds, con obra e inversi\u00f3n se mejora la zona centro de Saltillo para beneficio de la ciudadan\u00eda y visitantes.<\/p>\n\n\n\n<p>Chema Fraustro destac\u00f3 que desde el a\u00f1o pasado se concretaron obras para mejorar esta zona de la ciudad, y este 2023 se suman m\u00e1s obras que traer\u00e1n m\u00faltiples beneficios.<\/p>\n\n\n\n<p>\u201cSon obras con las que buscamos mejorar la infraestructura, brindar mejores espacios para los saltillenses y, en el caso del Paseo Capital, un nuevo sello para la ciudad\u201d, afirm\u00f3 Fraustro Siller.<\/p>\n\n\n\n<p>El Alcalde afirm\u00f3 que el proyecto Paseo Capital se encuentra en su \u00faltima fase, por lo que en pocas semanas podr\u00e1 ser disfrutado por los saltillenses y quienes visiten la ciudad.<\/p>\n\n\n\n<p>Record\u00f3 que se trabaja para peatonalizar la calle Ju\u00e1rez, en sus tramos de Bravo a Hidalgo y de Hidalgo a Allende; la calle Victoria, de Allende a Morelos; as\u00ed como la rehabilitaci\u00f3n de los segmentos ya peatonales en Padre Flores, de Victoria a Aldama; as\u00ed como Abbott y Ocampo, de Padre Flores a Allende.<\/p>\n\n\n\n<p>A ese proyecto se suma el recarpeteo de importantes calles en esa zona de la ciudad, labor que comenz\u00f3 el pasado jueves con el banderazo por parte del alcalde Chema Fraustro y el gobernador Riquelme.<\/p>\n\n\n\n<p>Con una inversi\u00f3n de m\u00e1s de 10 millones de pesos, las vialidades que se rehabilitar\u00e1n son: Matamoros, del bulevar Jes\u00fas Vald\u00e9s S\u00e1nchez a Juan Antonio de la Fuente; as\u00ed como Manuel P\u00e9rez Trevi\u00f1o y Emilio Castelar, de Francisco de Urdi\u00f1ola a General Cepeda.<\/p>\n\n\n\n<p>Chema Fraustro record\u00f3, de igual forma, que el a\u00f1o pasado se concret\u00f3 el recarpeteo de la avenida Francisco de Urdi\u00f1ola, desde el Paseo de la Reforma y hasta el perif\u00e9rico Luis Echeverr\u00eda \u00c1lvarez.<\/p>\n\n\n\n<p>Esa obra beneficia de manera directa a varias colonias y a la zona centro, as\u00ed como a miles de automovilistas que utilizan esta vialidad.<\/p>\n\n\n\n<p><\/p>\n","protected":false},"excerpt":{"rendered":"<p>Rehabilita Municipio importantes vialidades y en poco tiempo concluir\u00e1 el Paseo Capital Saltillo, Coahuila de Zaragoza, a 4 de agosto de 2023.- Gracias a un trabajo coordinado entre el alcalde Jos\u00e9 Mar\u00eda Fraustro Siller y el gobernador Miguel \u00c1ngel Riquelme Sol\u00eds, con obra e inversi\u00f3n se mejora la zona centro de Saltillo para beneficio de [&hellip;]<\/p>\n","protected":false},"author":4,"featured_media":4226,"comment_status":"open","ping_status":"open","sticky":false,"template":"","format":"standard","meta":[],"categories":[5],"tags":[],"_links":{"self":[{"href":"https:\/\/alertasaltillo.com\/index.php\/wp-json\/wp\/v2\/posts\/4225"}],"collection":[{"href":"https:\/\/alertasaltillo.com\/index.php\/wp-json\/wp\/v2\/posts"}],"about":[{"href":"https:\/\/alertasaltillo.com\/index.php\/wp-json\/wp\/v2\/types\/post"}],"author":[{"embeddable":true,"href":"https:\/\/alertasaltillo.com\/index.php\/wp-json\/wp\/v2\/users\/4"}],"replies":[{"embeddable":true,"href":"https:\/\/alertasaltillo.com\/index.php\/wp-json\/wp\/v2\/comments?post=4225"}],"version-history":[{"count":1,"href":"https:\/\/alertasaltillo.com\/index.php\/wp-json\/wp\/v2\/posts\/4225\/revisions"}],"predecessor-version":[{"id":4227,"href":"https:\/\/alertasaltillo.com\/index.php\/wp-json\/wp\/v2\/posts\/4225\/revisions\/4227"}],"wp:featuredmedia":[{"embeddable":true,"href":"https:\/\/alertasaltillo.com\/index.php\/wp-json\/wp\/v2\/media\/4226"}],"wp:attachment":[{"href":"https:\/\/alertasaltillo.com\/index.php\/wp-json\/wp\/v2\/media?parent=4225"}],"wp:term":[{"taxonomy":"category","embeddable":true,"href":"https:\/\/alertasaltillo.com\/index.php\/wp-json\/wp\/v2\/categories?post=4225"},{"taxonomy":"post_tag","embeddable":true,"href":"https:\/\/alertasaltillo.com\/index.php\/wp-json\/wp\/v2\/tags?post=4225"}],"curies":[{"name":"wp","href":"https:\/\/api.w.org\/{rel}","templated":true}]}}