{"id":4216,"date":"2023-08-05T02:44:54","date_gmt":"2023-08-05T02:44:54","guid":{"rendered":"https:\/\/alertasaltillo.com\/?p=4216"},"modified":"2023-08-05T02:44:56","modified_gmt":"2023-08-05T02:44:56","slug":"agradece-gobierno-de-saltillo-donacion-de-camion-de-bomberos","status":"publish","type":"post","link":"https:\/\/alertasaltillo.com\/index.php\/2023\/08\/05\/agradece-gobierno-de-saltillo-donacion-de-camion-de-bomberos\/","title":{"rendered":"AGRADECE GOBIERNO DE SALTILLO DONACI\u00d3N DE CAMI\u00d3N DE BOMBEROS"},"content":{"rendered":"\n<p><em>Destaca Chema Fraustro el gesto de colaboraci\u00f3n del empresario texano Pat Siddons<\/em><\/p>\n\n\n\n<p>Saltillo, Coahuila de Zaragoza, a 4 de agosto de 2023.- El Gobierno Municipal de Saltillo agradeci\u00f3 al empresario del estado de Texas, Pat Siddons, la donaci\u00f3n de un cami\u00f3n de bomberos que pr\u00f3ximamente se incorporar\u00e1 al Cuerpo de Bomberos de la capital de Coahuila.<\/p>\n\n\n\n<p>El alcalde de Saltillo, Jos\u00e9 Mar\u00eda Fraustro Siller, reconoci\u00f3 este gesto de parte del empresario texano, que es una muestra m\u00e1s que reafirma la colaboraci\u00f3n estrecha existente entre ambas comunidades.<\/p>\n\n\n\n<p>El alcalde agradeci\u00f3 adem\u00e1s el trabajo del tambi\u00e9n empresario Frank Fuentes, de la Asociaci\u00f3n de Constructores de la ciudad de Austin, Texas, quien ayud\u00f3 en las gestiones y el acercamiento entre el empresario Siddons con el Ayuntamiento saltillense para esta acci\u00f3n.<\/p>\n\n\n\n<p>Pat Siddons es el presidente de ventas del Siddons-Martin Emergency Group, industria l\u00edder en productos y servicios de veh\u00edculos de emergencia de alta calidad en el estado de Texas, Estados Unidos.<\/p>\n\n\n\n<p><\/p>\n","protected":false},"excerpt":{"rendered":"<p>Destaca Chema Fraustro el gesto de colaboraci\u00f3n del empresario texano Pat Siddons Saltillo, Coahuila de Zaragoza, a 4 de agosto de 2023.- El Gobierno Municipal de Saltillo agradeci\u00f3 al empresario del estado de Texas, Pat Siddons, la donaci\u00f3n de un cami\u00f3n de bomberos que pr\u00f3ximamente se incorporar\u00e1 al Cuerpo de Bomberos de la capital de [&hellip;]<\/p>\n","protected":false},"author":4,"featured_media":4217,"comment_status":"open","ping_status":"open","sticky":false,"template":"","format":"standard","meta":[],"categories":[5],"tags":[],"_links":{"self":[{"href":"https:\/\/alertasaltillo.com\/index.php\/wp-json\/wp\/v2\/posts\/4216"}],"collection":[{"href":"https:\/\/alertasaltillo.com\/index.php\/wp-json\/wp\/v2\/posts"}],"about":[{"href":"https:\/\/alertasaltillo.com\/index.php\/wp-json\/wp\/v2\/types\/post"}],"author":[{"embeddable":true,"href":"https:\/\/alertasaltillo.com\/index.php\/wp-json\/wp\/v2\/users\/4"}],"replies":[{"embeddable":true,"href":"https:\/\/alertasaltillo.com\/index.php\/wp-json\/wp\/v2\/comments?post=4216"}],"version-history":[{"count":1,"href":"https:\/\/alertasaltillo.com\/index.php\/wp-json\/wp\/v2\/posts\/4216\/revisions"}],"predecessor-version":[{"id":4218,"href":"https:\/\/alertasaltillo.com\/index.php\/wp-json\/wp\/v2\/posts\/4216\/revisions\/4218"}],"wp:featuredmedia":[{"embeddable":true,"href":"https:\/\/alertasaltillo.com\/index.php\/wp-json\/wp\/v2\/media\/4217"}],"wp:attachment":[{"href":"https:\/\/alertasaltillo.com\/index.php\/wp-json\/wp\/v2\/media?parent=4216"}],"wp:term":[{"taxonomy":"category","embeddable":true,"href":"https:\/\/alertasaltillo.com\/index.php\/wp-json\/wp\/v2\/categories?post=4216"},{"taxonomy":"post_tag","embeddable":true,"href":"https:\/\/alertasaltillo.com\/index.php\/wp-json\/wp\/v2\/tags?post=4216"}],"curies":[{"name":"wp","href":"https:\/\/api.w.org\/{rel}","templated":true}]}}