{"id":4210,"date":"2023-08-05T02:40:31","date_gmt":"2023-08-05T02:40:31","guid":{"rendered":"https:\/\/alertasaltillo.com\/?p=4210"},"modified":"2023-08-05T02:40:33","modified_gmt":"2023-08-05T02:40:33","slug":"listo-operativo-vial-y-de-seguridad-para-festividad-de-santo-cristo","status":"publish","type":"post","link":"https:\/\/alertasaltillo.com\/index.php\/2023\/08\/05\/listo-operativo-vial-y-de-seguridad-para-festividad-de-santo-cristo\/","title":{"rendered":"LISTO OPERATIVO VIAL Y DE SEGURIDAD PARA FESTIVIDAD DE SANTO CRISTO"},"content":{"rendered":"\n<p><em>Exhortan a la ciudadan\u00eda a tomar sus precauciones; el cierre paulatino de calles comenzar\u00e1 durante las primeras horas del s\u00e1bado<\/em><\/p>\n\n\n\n<p>Saltillo, Coahuila de Zaragoza, a 4 de agosto de 2023.- Con el objetivo de brindar seguridad y vialidad durante las festividades del Santo Cristo en el centro hist\u00f3rico de Saltillo, la Comisar\u00eda de Seguridad y Protecci\u00f3n Ciudadana implementar\u00e1 un operativo ante el cierre de calles para la realizaci\u00f3n de la fiesta.<\/p>\n\n\n\n<p>\u201cExhortamos a la ciudadan\u00eda para que tome sus precauciones ante el cierre de vialidades durante este fin de semana\u201d, declar\u00f3 la subdirectora de Tr\u00e1nsito y Vialidad, Zulema Banda Alem\u00e1n.<\/p>\n\n\n\n<p>Dio a conocer que las calles que estar\u00e1n cerradas son: Miguel Hidalgo y Nicol\u00e1s Bravo, ambas de Juan Aldama a Miguel Ramos Arizpe; Benito Ju\u00e1rez, de General Cepeda a Bravo; Melchor Ocampo e Ignacio Zaragoza, de Allende a Aldama; as\u00ed como Ignacio Allende, de P\u00e9rez Trevi\u00f1o a Ramos Arizpe.<\/p>\n\n\n\n<p>Banda Alem\u00e1n detall\u00f3 que el cierre ser\u00e1 paulatino y comenzar\u00e1 durante las primeras horas del s\u00e1bado para la instalaci\u00f3n de los puestos semifijos de los comerciantes y durante el domingo 6 de agosto las vialidades estar\u00e1n completamente cerradas.<\/p>\n\n\n\n<p>La Subdirectora de Tr\u00e1nsito a\u00f1adi\u00f3 que al menos 30 elementos estar\u00e1n apoyando en la vialidad en las calles aleda\u00f1as a ese sector; adem\u00e1s, elementos preventivos trabajar\u00e1n para brindar seguridad a los asistentes a la festividad religiosa.<\/p>\n\n\n\n<p>Se espera que las calles sean reabiertas durante las primeras horas del lunes 7 de agosto, una vez que se retiren los puestos semifijos y se haya realizado labor de limpieza.<\/p>\n\n\n\n<p><\/p>\n","protected":false},"excerpt":{"rendered":"<p>Exhortan a la ciudadan\u00eda a tomar sus precauciones; el cierre paulatino de calles comenzar\u00e1 durante las primeras horas del s\u00e1bado Saltillo, Coahuila de Zaragoza, a 4 de agosto de 2023.- Con el objetivo de brindar seguridad y vialidad durante las festividades del Santo Cristo en el centro hist\u00f3rico de Saltillo, la Comisar\u00eda de Seguridad y [&hellip;]<\/p>\n","protected":false},"author":4,"featured_media":4211,"comment_status":"open","ping_status":"open","sticky":false,"template":"","format":"standard","meta":[],"categories":[5],"tags":[],"_links":{"self":[{"href":"https:\/\/alertasaltillo.com\/index.php\/wp-json\/wp\/v2\/posts\/4210"}],"collection":[{"href":"https:\/\/alertasaltillo.com\/index.php\/wp-json\/wp\/v2\/posts"}],"about":[{"href":"https:\/\/alertasaltillo.com\/index.php\/wp-json\/wp\/v2\/types\/post"}],"author":[{"embeddable":true,"href":"https:\/\/alertasaltillo.com\/index.php\/wp-json\/wp\/v2\/users\/4"}],"replies":[{"embeddable":true,"href":"https:\/\/alertasaltillo.com\/index.php\/wp-json\/wp\/v2\/comments?post=4210"}],"version-history":[{"count":1,"href":"https:\/\/alertasaltillo.com\/index.php\/wp-json\/wp\/v2\/posts\/4210\/revisions"}],"predecessor-version":[{"id":4212,"href":"https:\/\/alertasaltillo.com\/index.php\/wp-json\/wp\/v2\/posts\/4210\/revisions\/4212"}],"wp:featuredmedia":[{"embeddable":true,"href":"https:\/\/alertasaltillo.com\/index.php\/wp-json\/wp\/v2\/media\/4211"}],"wp:attachment":[{"href":"https:\/\/alertasaltillo.com\/index.php\/wp-json\/wp\/v2\/media?parent=4210"}],"wp:term":[{"taxonomy":"category","embeddable":true,"href":"https:\/\/alertasaltillo.com\/index.php\/wp-json\/wp\/v2\/categories?post=4210"},{"taxonomy":"post_tag","embeddable":true,"href":"https:\/\/alertasaltillo.com\/index.php\/wp-json\/wp\/v2\/tags?post=4210"}],"curies":[{"name":"wp","href":"https:\/\/api.w.org\/{rel}","templated":true}]}}