{"id":4197,"date":"2023-08-04T14:28:33","date_gmt":"2023-08-04T14:28:33","guid":{"rendered":"https:\/\/alertasaltillo.com\/?p=4197"},"modified":"2023-08-04T14:28:35","modified_gmt":"2023-08-04T14:28:35","slug":"aprenden-ninos-primeros-auxilios-con-bomberos-de-saltillo","status":"publish","type":"post","link":"https:\/\/alertasaltillo.com\/index.php\/2023\/08\/04\/aprenden-ninos-primeros-auxilios-con-bomberos-de-saltillo\/","title":{"rendered":"APRENDEN NI\u00d1OS PRIMEROS AUXILIOS CON BOMBEROS DE SALTILLO"},"content":{"rendered":"\n<p><em>Gobierno Municipal ofrece programa de prevenci\u00f3n en cursos de verano<\/em><\/p>\n\n\n\n<p>Saltillo, Coahuila de Zaragoza, a 3 de agosto de 2023.- Como parte de las acciones para fomentar la prevenci\u00f3n, el Gobierno Municipal de Saltillo, a trav\u00e9s de la Direcci\u00f3n de Protecci\u00f3n Civil y Bomberos, lleva a cabo su programa Conoce a tu Bombero.<\/p>\n\n\n\n<p>Durante este periodo vacacional, el programa ense\u00f1a a las y los peque\u00f1os primeros auxilios, as\u00ed como medidas preventivas de situaciones de riesgo.<\/p>\n\n\n\n<p>Albero Neira Vielma, director de esta dependencia, afirm\u00f3 que de manera did\u00e1ctica y a trav\u00e9s de actividades divertidas, los ni\u00f1os aprenden sobre el autocuidado en situaciones donde existe fuego, adem\u00e1s de las funciones que desempe\u00f1an los bomberos, su equipo y maniobras de salvamento y rescate.<\/p>\n\n\n\n<p>Resalt\u00f3 que al momento personal a su cargo ha atendido a alrededor de 800 menores de edad durante estas vacaciones de verano, que se suman a los m\u00e1s de 4 mil que van en este 2023 a trav\u00e9s de este programa preventivo municipal.<\/p>\n\n\n\n<p>\u201cUna de las prioridades de nuestro alcalde Chema Fraustro es el cuidado y atenci\u00f3n a la ni\u00f1ez, por lo que durante esta \u00e9poca vacacional se ofrece este programa en los distintos cursos de verano municipales y privados que nos lo han solicitado\u201d, mencion\u00f3.<\/p>\n\n\n\n<p>Indic\u00f3 que han desarrollado el programa en sedes como el Tecnol\u00f3gico de Monterrey, Campus Saltillo; la Facultad de Trabajo Social, de la Universidad Aut\u00f3noma de Coahuila, as\u00ed como los dos biblioparques municipales.<\/p>\n\n\n\n<p>Neira Vielma subray\u00f3 que quienes se encuentren interesados en este programa o para mayor informaci\u00f3n, pueden dirigirse a la Direcci\u00f3n de Protecci\u00f3n Civil y Bomberos, ubicada sobre el bulevar Morelos esquina con Calle 4, de la colonia Morelos.<\/p>\n\n\n\n<p><\/p>\n","protected":false},"excerpt":{"rendered":"<p>Gobierno Municipal ofrece programa de prevenci\u00f3n en cursos de verano Saltillo, Coahuila de Zaragoza, a 3 de agosto de 2023.- Como parte de las acciones para fomentar la prevenci\u00f3n, el Gobierno Municipal de Saltillo, a trav\u00e9s de la Direcci\u00f3n de Protecci\u00f3n Civil y Bomberos, lleva a cabo su programa Conoce a tu Bombero. Durante este [&hellip;]<\/p>\n","protected":false},"author":4,"featured_media":4198,"comment_status":"open","ping_status":"open","sticky":false,"template":"","format":"standard","meta":[],"categories":[5],"tags":[],"_links":{"self":[{"href":"https:\/\/alertasaltillo.com\/index.php\/wp-json\/wp\/v2\/posts\/4197"}],"collection":[{"href":"https:\/\/alertasaltillo.com\/index.php\/wp-json\/wp\/v2\/posts"}],"about":[{"href":"https:\/\/alertasaltillo.com\/index.php\/wp-json\/wp\/v2\/types\/post"}],"author":[{"embeddable":true,"href":"https:\/\/alertasaltillo.com\/index.php\/wp-json\/wp\/v2\/users\/4"}],"replies":[{"embeddable":true,"href":"https:\/\/alertasaltillo.com\/index.php\/wp-json\/wp\/v2\/comments?post=4197"}],"version-history":[{"count":1,"href":"https:\/\/alertasaltillo.com\/index.php\/wp-json\/wp\/v2\/posts\/4197\/revisions"}],"predecessor-version":[{"id":4199,"href":"https:\/\/alertasaltillo.com\/index.php\/wp-json\/wp\/v2\/posts\/4197\/revisions\/4199"}],"wp:featuredmedia":[{"embeddable":true,"href":"https:\/\/alertasaltillo.com\/index.php\/wp-json\/wp\/v2\/media\/4198"}],"wp:attachment":[{"href":"https:\/\/alertasaltillo.com\/index.php\/wp-json\/wp\/v2\/media?parent=4197"}],"wp:term":[{"taxonomy":"category","embeddable":true,"href":"https:\/\/alertasaltillo.com\/index.php\/wp-json\/wp\/v2\/categories?post=4197"},{"taxonomy":"post_tag","embeddable":true,"href":"https:\/\/alertasaltillo.com\/index.php\/wp-json\/wp\/v2\/tags?post=4197"}],"curies":[{"name":"wp","href":"https:\/\/api.w.org\/{rel}","templated":true}]}}