{"id":4184,"date":"2023-08-03T14:45:12","date_gmt":"2023-08-03T14:45:12","guid":{"rendered":"https:\/\/alertasaltillo.com\/?p=4184"},"modified":"2023-08-03T14:45:15","modified_gmt":"2023-08-03T14:45:15","slug":"llevara-a-cabo-dif-saltillo-terapia-de-duelo","status":"publish","type":"post","link":"https:\/\/alertasaltillo.com\/index.php\/2023\/08\/03\/llevara-a-cabo-dif-saltillo-terapia-de-duelo\/","title":{"rendered":"LLEVAR\u00c1 A CABO DIF SALTILLO TERAPIA DE DUELO"},"content":{"rendered":"\n<p><em>Est\u00e1 dirigida al p\u00fablico en general; inicia este jueves 3 de agosto<\/em><\/p>\n\n\n\n<p>Saltillo, Coahuila de Zaragoza, a 2 de agosto de 2023.- El DIF Saltillo, que preside de forma honoraria la se\u00f1ora Beatriz D\u00e1vila de Fraustro, llevar\u00e1 a cabo la Terapia Grupal de Duelo con la que se busca apoyar a la poblaci\u00f3n que ha tenido alg\u00fan tipo de p\u00e9rdida a fin de llevar un proceso de adaptaci\u00f3n emocional.<\/p>\n\n\n\n<p>Daniel Samperio D\u00e1vila, director general del organismo, inform\u00f3 que estas terapias se llevan a cabo de manera permanente cada mes y en esta ocasi\u00f3n dar\u00e1n inicio este jueves 3 de agosto.&nbsp;<\/p>\n\n\n\n<p>Mencion\u00f3 que, aunque el duelo se asocia directamente a la muerte, las p\u00e9rdidas pueden ser muy diversas como rupturas de pareja, procesos de enfermedad o de estatus profesional.<\/p>\n\n\n\n<p>\u201cCuando el duelo se complica es importante intervenir ya que puede impactar a nivel emocional, f\u00edsico, cognitivo y conductual. La intensidad y las caracter\u00edsticas del duelo pueden variar en gran medida en funci\u00f3n del grado de vinculaci\u00f3n emocional, de la propia naturaleza de la p\u00e9rdida y de la forma de ser de cada persona\u201d, dijo.<\/p>\n\n\n\n<p>Agreg\u00f3 que el duelo puede complicarse en cuadros depresivos intensos o cronificados, conductas de huida de las emociones que el duelo genera a trav\u00e9s del uso de alcohol u otras drogas, reaparici\u00f3n en una p\u00e9rdida presente de emociones y sentimientos de un duelo no resuelto en el pasado o presencia de fantas\u00edas de reunirse con el ser querido buscando la muerte de forma pasiva o activa.<\/p>\n\n\n\n<p>La primera sesi\u00f3n de la terapia se llevar\u00e1 a cabo el jueves 3 de agosto y las siguientes los d\u00edas 10, 17 y 24 de este mismo mes, todas en horario de 11:00 de la ma\u00f1ana a 1:00 de la tarde.<\/p>\n\n\n\n<p>La Terapia Grupal de Duelo se desarrollar\u00e1 en las instalaciones del DIF Saltillo en la calle D\u00e1maso Rodr\u00edguez 275, colonia Nuevo Centro Metropolitano.<\/p>\n\n\n\n<p>Para informes e inscripciones pueden comunicarse v\u00eda WhatsApp en el 844-229-01-59 en horario de 9:00 de la ma\u00f1ana a 3:00 de la tarde.<\/p>\n\n\n\n<p><\/p>\n","protected":false},"excerpt":{"rendered":"<p>Est\u00e1 dirigida al p\u00fablico en general; inicia este jueves 3 de agosto Saltillo, Coahuila de Zaragoza, a 2 de agosto de 2023.- El DIF Saltillo, que preside de forma honoraria la se\u00f1ora Beatriz D\u00e1vila de Fraustro, llevar\u00e1 a cabo la Terapia Grupal de Duelo con la que se busca apoyar a la poblaci\u00f3n que ha [&hellip;]<\/p>\n","protected":false},"author":4,"featured_media":4185,"comment_status":"open","ping_status":"open","sticky":false,"template":"","format":"standard","meta":[],"categories":[5],"tags":[],"_links":{"self":[{"href":"https:\/\/alertasaltillo.com\/index.php\/wp-json\/wp\/v2\/posts\/4184"}],"collection":[{"href":"https:\/\/alertasaltillo.com\/index.php\/wp-json\/wp\/v2\/posts"}],"about":[{"href":"https:\/\/alertasaltillo.com\/index.php\/wp-json\/wp\/v2\/types\/post"}],"author":[{"embeddable":true,"href":"https:\/\/alertasaltillo.com\/index.php\/wp-json\/wp\/v2\/users\/4"}],"replies":[{"embeddable":true,"href":"https:\/\/alertasaltillo.com\/index.php\/wp-json\/wp\/v2\/comments?post=4184"}],"version-history":[{"count":1,"href":"https:\/\/alertasaltillo.com\/index.php\/wp-json\/wp\/v2\/posts\/4184\/revisions"}],"predecessor-version":[{"id":4186,"href":"https:\/\/alertasaltillo.com\/index.php\/wp-json\/wp\/v2\/posts\/4184\/revisions\/4186"}],"wp:featuredmedia":[{"embeddable":true,"href":"https:\/\/alertasaltillo.com\/index.php\/wp-json\/wp\/v2\/media\/4185"}],"wp:attachment":[{"href":"https:\/\/alertasaltillo.com\/index.php\/wp-json\/wp\/v2\/media?parent=4184"}],"wp:term":[{"taxonomy":"category","embeddable":true,"href":"https:\/\/alertasaltillo.com\/index.php\/wp-json\/wp\/v2\/categories?post=4184"},{"taxonomy":"post_tag","embeddable":true,"href":"https:\/\/alertasaltillo.com\/index.php\/wp-json\/wp\/v2\/tags?post=4184"}],"curies":[{"name":"wp","href":"https:\/\/api.w.org\/{rel}","templated":true}]}}