{"id":4125,"date":"2023-07-31T19:05:42","date_gmt":"2023-07-31T19:05:42","guid":{"rendered":"https:\/\/alertasaltillo.com\/?p=4125"},"modified":"2023-07-31T19:05:44","modified_gmt":"2023-07-31T19:05:44","slug":"avanza-construccion-de-dos-centros-comunitarios-en-saltillo","status":"publish","type":"post","link":"https:\/\/alertasaltillo.com\/index.php\/2023\/07\/31\/avanza-construccion-de-dos-centros-comunitarios-en-saltillo\/","title":{"rendered":"AVANZA CONSTRUCCI\u00d3N DE DOS CENTROS COMUNITARIOS EN SALTILLO"},"content":{"rendered":"\n<p><em>Se construye uno en Virreyes Obrera y otro en la colonia Valle de las Aves<\/em><\/p>\n\n\n\n<p>Saltillo, Coahuila de Zaragoza, a 30 de julio de 2023.- La construcci\u00f3n de dos Centros Comunitarios en las colonias Virreyes Obrera y Valle de las Aves avanza y en cuesti\u00f3n de semanas, gracias al impulso del alcalde de Saltillo, Jos\u00e9 Mar\u00eda Fraustro Siller, estar\u00e1n a disposici\u00f3n de la gente para su esparcimiento y desarrollo social.<\/p>\n\n\n\n<p>Durante la administraci\u00f3n municipal que encabeza Chema Fraustro se construyeron el a\u00f1o pasado los Centros Comunitarios de Lomas del Refugio y de Valle de Las Torres, adem\u00e1s de estos dos que est\u00e1n en proceso.&nbsp;<\/p>\n\n\n\n<p>\u201cCon el apoyo solidario del gobernador Miguel \u00c1ngel Riquelme estamos fortaleciendo nuestra red de Centros Comunitarios para llevar sus beneficios cada vez a m\u00e1s personas; queremos ofrecerles espacios dignos as\u00ed como oportunidades de desarrollo y de esparcimiento familiar\u201d, asegur\u00f3 el Alcalde.&nbsp;<\/p>\n\n\n\n<p>La Direcci\u00f3n de Infraestructura y Obra P\u00fablica del Municipio inform\u00f3 que ambos proyectos avanzan conforme el plan establecido en el 2do Marat\u00f3n de Obras Saltillo Nos Une; el de Valle de las Aves registra un avance del 18 por ciento y el de Virreyes Obrera un 14 por ciento.&nbsp;&nbsp;&nbsp;&nbsp;<\/p>\n\n\n\n<p>En ambos casos se construye un sal\u00f3n de usos m\u00faltiples que estar\u00e1 equipado, adem\u00e1s de una explanada para la realizaci\u00f3n de actividades al aire libre, adem\u00e1s contar\u00e1n con Internet de alta velocidad para apoyar a ni\u00f1os y j\u00f3venes en sus estudios.<\/p>\n\n\n\n<p><strong><em>Desarrollo para la comunidad<\/em><\/strong><\/p>\n\n\n\n<p>An\u00edbal Sober\u00f3n Rodr\u00edguez, director de Desarrollo Social, sostuvo que el alcalde Chema Fraustro eligi\u00f3 de manera estrat\u00e9gica la ubicaci\u00f3n de estos dos Centros Comunitarios para que los beneficios lleguen no solo a la colonia en la que est\u00e1n enclavados, sino a los vecinos de sectores aleda\u00f1os.<\/p>\n\n\n\n<p>\u201cEstos centros corresponden a una demanda que nuestro alcalde recogi\u00f3, plane\u00f3 y pr\u00f3ximamente ser\u00e1n una realidad, as\u00ed es como trabaja este gobierno, uniendo sectores y escuchando a la comunidad\u201d finaliz\u00f3 Sober\u00f3n Rodr\u00edguez.<\/p>\n\n\n\n<p><\/p>\n","protected":false},"excerpt":{"rendered":"<p>Se construye uno en Virreyes Obrera y otro en la colonia Valle de las Aves Saltillo, Coahuila de Zaragoza, a 30 de julio de 2023.- La construcci\u00f3n de dos Centros Comunitarios en las colonias Virreyes Obrera y Valle de las Aves avanza y en cuesti\u00f3n de semanas, gracias al impulso del alcalde de Saltillo, Jos\u00e9 [&hellip;]<\/p>\n","protected":false},"author":4,"featured_media":4126,"comment_status":"open","ping_status":"open","sticky":false,"template":"","format":"standard","meta":[],"categories":[5],"tags":[],"_links":{"self":[{"href":"https:\/\/alertasaltillo.com\/index.php\/wp-json\/wp\/v2\/posts\/4125"}],"collection":[{"href":"https:\/\/alertasaltillo.com\/index.php\/wp-json\/wp\/v2\/posts"}],"about":[{"href":"https:\/\/alertasaltillo.com\/index.php\/wp-json\/wp\/v2\/types\/post"}],"author":[{"embeddable":true,"href":"https:\/\/alertasaltillo.com\/index.php\/wp-json\/wp\/v2\/users\/4"}],"replies":[{"embeddable":true,"href":"https:\/\/alertasaltillo.com\/index.php\/wp-json\/wp\/v2\/comments?post=4125"}],"version-history":[{"count":1,"href":"https:\/\/alertasaltillo.com\/index.php\/wp-json\/wp\/v2\/posts\/4125\/revisions"}],"predecessor-version":[{"id":4127,"href":"https:\/\/alertasaltillo.com\/index.php\/wp-json\/wp\/v2\/posts\/4125\/revisions\/4127"}],"wp:featuredmedia":[{"embeddable":true,"href":"https:\/\/alertasaltillo.com\/index.php\/wp-json\/wp\/v2\/media\/4126"}],"wp:attachment":[{"href":"https:\/\/alertasaltillo.com\/index.php\/wp-json\/wp\/v2\/media?parent=4125"}],"wp:term":[{"taxonomy":"category","embeddable":true,"href":"https:\/\/alertasaltillo.com\/index.php\/wp-json\/wp\/v2\/categories?post=4125"},{"taxonomy":"post_tag","embeddable":true,"href":"https:\/\/alertasaltillo.com\/index.php\/wp-json\/wp\/v2\/tags?post=4125"}],"curies":[{"name":"wp","href":"https:\/\/api.w.org\/{rel}","templated":true}]}}