{"id":4061,"date":"2023-07-26T18:29:53","date_gmt":"2023-07-26T18:29:53","guid":{"rendered":"https:\/\/alertasaltillo.com\/?p=4061"},"modified":"2023-07-26T18:29:55","modified_gmt":"2023-07-26T18:29:55","slug":"cierra-la-fina-446-con-magno-concierto-de-daniel-boaventura","status":"publish","type":"post","link":"https:\/\/alertasaltillo.com\/index.php\/2023\/07\/26\/cierra-la-fina-446-con-magno-concierto-de-daniel-boaventura\/","title":{"rendered":"CIERRA LA FINA 446 CON MAGNO CONCIERTO DE DANIEL BOAVENTURA"},"content":{"rendered":"\n<p><\/p>\n\n\n\n<p><em>Se present\u00f3 ante miles de personas en el Auditorio del Parque Las Maravillas<\/em><\/p>\n\n\n\n<p>Saltillo, Coahuila de Zaragoza, a 25 de julio de 2023.- El cierre de la Fiesta Internacional de las Artes (FINA) Saltillo 446 se engalan\u00f3 con la presentaci\u00f3n del cantante brasile\u00f1o Daniel Boaventura que deleit\u00f3 a miles de asistentes en el Auditorio del Parque Las Maravillas.<\/p>\n\n\n\n<p>El alcalde Jos\u00e9 Mar\u00eda Fraustro Siller asisti\u00f3 al concierto en compa\u00f1\u00eda de su esposa Beatriz D\u00e1vila de Fraustro, de la delegaci\u00f3n de Austin, Texas y de directores municipales.<\/p>\n\n\n\n<p>Chema Fraustro agradeci\u00f3 a las y los ciudadanos que estuvieron presentes en el cierre de la FINA, as\u00ed como en todos los dem\u00e1s eventos que se llevaron a cabo durante 11 d\u00edas por el aniversario de la ciudad.<\/p>\n\n\n\n<p>Durante la noche, Daniel Boaventura encant\u00f3 a los presentes con su voz e hizo bailar al p\u00fablico en diferentes ocasiones.<\/p>\n\n\n\n<p>Inici\u00f3 su carrera en 1993 como actor de musicales y telenovelas y en mayo del 2009 se lanz\u00f3 como cantante con su primer \u00e1lbum de estudio titulado Songs 4U.<\/p>\n\n\n\n<p>En el 2012 lanz\u00f3 el primer DVD de su carrera que llev\u00f3 su nombre, el cual le vali\u00f3 un disco de oro e impuls\u00f3 una gira con m\u00e1s de 150 shows en Brasil. Este mismo a\u00f1o lanz\u00f3 en M\u00e9xico el trabajo Daniel Boaventura En Vivo, la versi\u00f3n latina del trabajo hom\u00f3nimo, alcanzando el segundo lugar y permaneciendo en el TOP 10 de la categor\u00eda World Music durante tres meses en Mix Up.<\/p>\n\n\n\n<p>Con este concierto Saltillo cerr\u00f3 una Fiesta de aniversario que lleg\u00f3 a todos los p\u00fablicos y a todos los rincones.<\/p>\n","protected":false},"excerpt":{"rendered":"<p>Se present\u00f3 ante miles de personas en el Auditorio del Parque Las Maravillas Saltillo, Coahuila de Zaragoza, a 25 de julio de 2023.- El cierre de la Fiesta Internacional de las Artes (FINA) Saltillo 446 se engalan\u00f3 con la presentaci\u00f3n del cantante brasile\u00f1o Daniel Boaventura que deleit\u00f3 a miles de asistentes en el Auditorio del [&hellip;]<\/p>\n","protected":false},"author":4,"featured_media":4062,"comment_status":"open","ping_status":"open","sticky":false,"template":"","format":"standard","meta":[],"categories":[5],"tags":[],"_links":{"self":[{"href":"https:\/\/alertasaltillo.com\/index.php\/wp-json\/wp\/v2\/posts\/4061"}],"collection":[{"href":"https:\/\/alertasaltillo.com\/index.php\/wp-json\/wp\/v2\/posts"}],"about":[{"href":"https:\/\/alertasaltillo.com\/index.php\/wp-json\/wp\/v2\/types\/post"}],"author":[{"embeddable":true,"href":"https:\/\/alertasaltillo.com\/index.php\/wp-json\/wp\/v2\/users\/4"}],"replies":[{"embeddable":true,"href":"https:\/\/alertasaltillo.com\/index.php\/wp-json\/wp\/v2\/comments?post=4061"}],"version-history":[{"count":1,"href":"https:\/\/alertasaltillo.com\/index.php\/wp-json\/wp\/v2\/posts\/4061\/revisions"}],"predecessor-version":[{"id":4063,"href":"https:\/\/alertasaltillo.com\/index.php\/wp-json\/wp\/v2\/posts\/4061\/revisions\/4063"}],"wp:featuredmedia":[{"embeddable":true,"href":"https:\/\/alertasaltillo.com\/index.php\/wp-json\/wp\/v2\/media\/4062"}],"wp:attachment":[{"href":"https:\/\/alertasaltillo.com\/index.php\/wp-json\/wp\/v2\/media?parent=4061"}],"wp:term":[{"taxonomy":"category","embeddable":true,"href":"https:\/\/alertasaltillo.com\/index.php\/wp-json\/wp\/v2\/categories?post=4061"},{"taxonomy":"post_tag","embeddable":true,"href":"https:\/\/alertasaltillo.com\/index.php\/wp-json\/wp\/v2\/tags?post=4061"}],"curies":[{"name":"wp","href":"https:\/\/api.w.org\/{rel}","templated":true}]}}