{"id":4058,"date":"2023-07-26T18:27:00","date_gmt":"2023-07-26T18:27:00","guid":{"rendered":"https:\/\/alertasaltillo.com\/?p=4058"},"modified":"2023-07-26T18:27:02","modified_gmt":"2023-07-26T18:27:02","slug":"reconocen-con-presea-saltillo-2023-el-esfuerzo-por-la-ciudad","status":"publish","type":"post","link":"https:\/\/alertasaltillo.com\/index.php\/2023\/07\/26\/reconocen-con-presea-saltillo-2023-el-esfuerzo-por-la-ciudad\/","title":{"rendered":"RECONOCEN CON PRESEA SALTILLO 2023 EL ESFUERZO POR LA CIUDAD"},"content":{"rendered":"\n<p><em>Alcalde y gobernador destacan la labor de saltillenses para hacer de la capital de Coahuila una ciudad pr\u00f3spera<\/em><\/p>\n\n\n\n<p>Saltillo, Coahuila, a 25 de julio de 2023.- En sesi\u00f3n solemne de Cabildo y en el marco del 446 aniversario de la ciudad, el alcalde Jos\u00e9 Mar\u00eda Fraustro Siller y el gobernador Miguel \u00c1ngel Riquelme Sol\u00eds entregaron la Presea Saltillo 2023, el m\u00e1ximo reconocimiento del municipio a quienes han contribuido al desarrollo de la capital de Coahuila.<\/p>\n\n\n\n<p>El Alcalde felicit\u00f3 a los ganadores de la Presea Saltillo: la Cruz Roja, en la categor\u00eda Institucional; Mariano Fuentes del Bosque, categor\u00eda En Vida; y Rub\u00e9n G\u00e1mez Valero, en modalidad Post Mortem.<\/p>\n\n\n\n<p>El alcalde destac\u00f3 que gracias al esfuerzo de la poblaci\u00f3n hoy Saltillo es una ciudad pr\u00f3spera, vibrante, din\u00e1mica, innovadora y que permite el desarrollo integral.<\/p>\n\n\n\n<p>\u201cHoy, con la herencia de nuestros antepasados, el trabajo de generaciones, construimos la mejor capital de M\u00e9xico. Aqu\u00ed el pasado y presente se unen para dar paso a grandes proyectos\u201d, asegur\u00f3 el Alcalde de la ciudad.<\/p>\n\n\n\n<p>En el evento, el gobernador Miguel \u00c1ngel Riquelme felicit\u00f3 a los saltillenses por el 446 aniversario de la capital de Coahuila y destac\u00f3 los logros en temas de seguridad, competitividad y calidad de vida.<\/p>\n\n\n\n<p>\u201cSaltillo y su gente van hacia el futuro con una fe renovada y con la certeza del bienestar para todos; Saltillo ahora es el centro neur\u00e1lgico de una de las zonas m\u00e1s productivas del norte del pa\u00eds\u201d, afirm\u00f3 el Gobernador.&nbsp;<\/p>\n\n\n\n<p><strong><em>Agradecen reconocimiento<\/em><\/strong><\/p>\n\n\n\n<p>A nombre de todos quienes integran la Cruz Roja Delegaci\u00f3n Saltillo, el presidente de su patronato, Arturo L\u00f3pez Alan\u00eds, se\u00f1al\u00f3 que recibir esta Presea es el reflejo de todos quienes a lo largo de casi 80 a\u00f1os han colaborado con esta instituci\u00f3n.<\/p>\n\n\n\n<p>\u201cEsta distinci\u00f3n representa mucho m\u00e1s que un premio, es un testimonio del compromiso y la dedicaci\u00f3n de quienes colaboramos y hemos colaborado en la Cruz Roja en la regi\u00f3n sureste de Coahuila\u201d, afirm\u00f3 L\u00f3pez Alan\u00eds.<\/p>\n\n\n\n<p>El galardonado en la categor\u00eda en vida, Mariano Fuentes del Bosque, se\u00f1al\u00f3 que su labor es resultado de todos quienes han formado parte de \u00e9l: su familia, docentes, amistades y compa\u00f1eros de profesi\u00f3n.<\/p>\n\n\n\n<p>\u201cLes agradezco este reconocimiento; siempre he pugnado por el derecho a la vida, a la uni\u00f3n familiar y a la convivencia arm\u00f3nica y esto es lo que he procurado a lo largo de mi vida\u201d, afirm\u00f3 Fuentes del Bosque.<\/p>\n\n\n\n<p>Finalmente, en representaci\u00f3n de Rub\u00e9n G\u00e1mez Valero, ganador en la categor\u00eda Post Mortem, su hija Elena G\u00e1mez Cepeda destac\u00f3 que para su padre la docencia no s\u00f3lo fue una profesi\u00f3n, sino una misi\u00f3n de vida.<\/p>\n\n\n\n<p>\u201cSu legado en la educaci\u00f3n dej\u00f3 una huella imborrable que nunca olvidaremos porque estuvo cimentada en el esfuerzo, impactando con ello a muchas vidas\u201d, puntualiz\u00f3 G\u00e1mez Valero.&nbsp;<\/p>\n\n\n\n<p><strong><em>Atestiguan entrega de la Presea Saltillo<\/em><\/strong><\/p>\n\n\n\n<p>En el evento estuvo la diputada Martha Loera Ar\u00e1mbula en representaci\u00f3n del diputado presidente de la Junta de Gobierno del Congreso del Estado, Eduardo Olmos Castro; la magistrada Mar\u00eda Eugenia Galindo; el magistrado presidente del Tribunal Superior de Justicia del Estado, Miguel Felipe Mery Ayup; la presidenta honoraria del DIF Saltillo, Beatriz D\u00e1vila de Fraustro; la diputada local electa, Beatriz Fraustro D\u00e1vila; el coronel de Infanter\u00eda Diplomado de Estado Mayor, Daniel Lugo Salinas, en representaci\u00f3n del general de brigada, Guillermo Arellano Morales, comandante de la 6\u00aa Zona Militar; por parte de la Guardia Nacional, Jos\u00e9 Luis Cruz, en representaci\u00f3n del encargado Jos\u00e9 Manuel Alc\u00e1ntara Gonz\u00e1lez.<\/p>\n\n\n\n<p>De la delegaci\u00f3n de Austin, estuvo el jefe de Bomberos de esa ciudad, Joel Baker; el juez del Condado de Hays, Rub\u00e9n Becerra; de la Asociaci\u00f3n de Constructores de Austin, Frank Fuentes; adem\u00e1s del presidente del Comit\u00e9 de Ciudades Hermanas de Saltillo, Jes\u00fas Jim\u00e9nez \u00c1lvarez; y su hom\u00f3logo por parte de Austin, Ben Ram\u00edrez.<\/p>\n\n\n\n<p>Asimismo, diputados locales y federales, magistrados, ex alcaldes de Saltillo y ex gobernadores de Coahuila; el alcalde de Arteaga, Ramiro Dur\u00e1n Garc\u00eda; el alcalde de General Cepeda, Pablo Salas Aguirre; y titulares de las diferentes direcciones municipales e integrantes del Cabildo local.<\/p>\n\n\n\n<p>Tambi\u00e9n miembros de la iniciativa privada, rectores de universidades, representantes de organizaciones de la sociedad civil, el cronista de la ciudad, Armando Fuentes Aguirre, as\u00ed como familiares y amigos de los ganadores de la presea.<\/p>\n\n\n\n<p><\/p>\n","protected":false},"excerpt":{"rendered":"<p>Alcalde y gobernador destacan la labor de saltillenses para hacer de la capital de Coahuila una ciudad pr\u00f3spera Saltillo, Coahuila, a 25 de julio de 2023.- En sesi\u00f3n solemne de Cabildo y en el marco del 446 aniversario de la ciudad, el alcalde Jos\u00e9 Mar\u00eda Fraustro Siller y el gobernador Miguel \u00c1ngel Riquelme Sol\u00eds entregaron [&hellip;]<\/p>\n","protected":false},"author":4,"featured_media":4059,"comment_status":"open","ping_status":"open","sticky":false,"template":"","format":"standard","meta":[],"categories":[5],"tags":[],"_links":{"self":[{"href":"https:\/\/alertasaltillo.com\/index.php\/wp-json\/wp\/v2\/posts\/4058"}],"collection":[{"href":"https:\/\/alertasaltillo.com\/index.php\/wp-json\/wp\/v2\/posts"}],"about":[{"href":"https:\/\/alertasaltillo.com\/index.php\/wp-json\/wp\/v2\/types\/post"}],"author":[{"embeddable":true,"href":"https:\/\/alertasaltillo.com\/index.php\/wp-json\/wp\/v2\/users\/4"}],"replies":[{"embeddable":true,"href":"https:\/\/alertasaltillo.com\/index.php\/wp-json\/wp\/v2\/comments?post=4058"}],"version-history":[{"count":1,"href":"https:\/\/alertasaltillo.com\/index.php\/wp-json\/wp\/v2\/posts\/4058\/revisions"}],"predecessor-version":[{"id":4060,"href":"https:\/\/alertasaltillo.com\/index.php\/wp-json\/wp\/v2\/posts\/4058\/revisions\/4060"}],"wp:featuredmedia":[{"embeddable":true,"href":"https:\/\/alertasaltillo.com\/index.php\/wp-json\/wp\/v2\/media\/4059"}],"wp:attachment":[{"href":"https:\/\/alertasaltillo.com\/index.php\/wp-json\/wp\/v2\/media?parent=4058"}],"wp:term":[{"taxonomy":"category","embeddable":true,"href":"https:\/\/alertasaltillo.com\/index.php\/wp-json\/wp\/v2\/categories?post=4058"},{"taxonomy":"post_tag","embeddable":true,"href":"https:\/\/alertasaltillo.com\/index.php\/wp-json\/wp\/v2\/tags?post=4058"}],"curies":[{"name":"wp","href":"https:\/\/api.w.org\/{rel}","templated":true}]}}