{"id":4019,"date":"2023-07-25T15:54:21","date_gmt":"2023-07-25T15:54:21","guid":{"rendered":"https:\/\/alertasaltillo.com\/?p=4019"},"modified":"2023-07-25T15:54:23","modified_gmt":"2023-07-25T15:54:23","slug":"llega-saltillo-a-sus-446-anos-como-ciudad-fortalecida-chema-fraustro","status":"publish","type":"post","link":"https:\/\/alertasaltillo.com\/index.php\/2023\/07\/25\/llega-saltillo-a-sus-446-anos-como-ciudad-fortalecida-chema-fraustro\/","title":{"rendered":"LLEGA SALTILLO A SUS 446 A\u00d1OS COMO CIUDAD FORTALECIDA: CHEMA FRAUSTRO"},"content":{"rendered":"\n<p><em>Destaca alcalde Chema Fraustro calidad de vida, seguridad, empleo, obra p\u00fablica y desarrollo cultural<\/em><\/p>\n\n\n\n<p>Saltillo, Coahuila de Zaragoza, a 24 de julio de 2023.- Este 25 de julio Saltillo conmemora el 446 aniversario de su fundaci\u00f3n y lo hace como una ciudad fortalecida en calidad de vida, seguridad, empleo, obra p\u00fablica y desarrollo cultural, se\u00f1al\u00f3 el alcalde Jos\u00e9 Mar\u00eda Fraustro Siller.<\/p>\n\n\n\n<p>\u201cSaltillo es una gran ciudad que ha sido forjada por las y los saltillenses con mucho trabajo diario y con un gran cari\u00f1o. Hoy podemos decir que juntos, sociedad y gobierno, seguimos construyendo la grandeza de nuestro municipio que es una de las m\u00e1s seguras y competitivas del pa\u00eds, y que es un referente en calidad de vida\u201d, refiri\u00f3 el presidente municipal.<\/p>\n\n\n\n<p>Mencion\u00f3 que gracias al trabajo coordinado con el gobernador Miguel \u00c1ngel Riquelme Sol\u00eds se llevan a cabo pol\u00edticas p\u00fablicas que mejoran la calidad de vida de las familias saltillenses.<\/p>\n\n\n\n<p>Hoy Saltillo es la capital m\u00e1s segura de M\u00e9xico, con la tercera Polic\u00eda Municipal m\u00e1s confiable y la cuarta m\u00e1s efectiva del pa\u00eds, de acuerdo con la Encuesta Nacional de Seguridad P\u00fablica Urbana (ENSU) que presenta el INEGI.<\/p>\n\n\n\n<p>\u201cEste resultado es gracias a la confianza de la ciudadan\u00eda y el trabajo que se hace permanentemente con el gobernador Miguel Riquelme, el Gobierno del Estado, el Ej\u00e9rcito, la Guardia Nacional y los m\u00e1s de 107 mil saltillenses que participan en los comit\u00e9s ciudadanos de seguridad\u201d, dijo Chema Fraustro.<\/p>\n\n\n\n<p><strong><em>Empleo y cultura<\/em><\/strong><\/p>\n\n\n\n<p>En la presente administraci\u00f3n la ciudad ha recibido m\u00e1s de 10 mil 300 millones de pesos en inversi\u00f3n directa nacional y extranjera; cuenta actualmente con 206 mil 413 trabajadores formales activos; capital humano con una escolaridad promedio de 11.5 a\u00f1os y con un Producto Interno Bruto, PIB, por persona de los m\u00e1s altos del pa\u00eds, con 289 mil pesos.<\/p>\n\n\n\n<p>\u201cEl Instituto Mexicano para la Competitividad, IMCO, posiciona a Saltillo como la segunda ciudad m\u00e1s competitiva de M\u00e9xico, entre las ciudades con poblaci\u00f3n superior al mill\u00f3n de habitantes\u201d, refiri\u00f3 Chema Fraustro.<\/p>\n\n\n\n<p>En materia de obra p\u00fablica, el alcalde se\u00f1al\u00f3 que es un tema prioritario dentro de su administraci\u00f3n por lo que en el 2022 se lleva a cabo el 2do Marat\u00f3n de Obras Saltillo Nos Une en el que se invierten 200 millones de pesos.<\/p>\n\n\n\n<p>Asimismo, se da gran impulso a la cultura que se lleva a todos los rincones de la ciudad y las comunidades rurales.<\/p>\n\n\n\n<p>\u201cDentro del 446 aniversario de Saltillo llevamos a cabo con \u00e9xito la Fiesta Internacional de las Artes (FINA), que ha unido a miles de ciudadanos con grandes presentaciones para todos los p\u00fablicos, m\u00fasica electr\u00f3nica, regional mexicana, orquesta filarm\u00f3nica, \u00f3pera, teatro, danza, exposiciones de arte, presentaciones de libros, entre mucho m\u00e1s\u201d, puntualiz\u00f3 el alcalde.<\/p>\n\n\n\n<p><\/p>\n","protected":false},"excerpt":{"rendered":"<p>Destaca alcalde Chema Fraustro calidad de vida, seguridad, empleo, obra p\u00fablica y desarrollo cultural Saltillo, Coahuila de Zaragoza, a 24 de julio de 2023.- Este 25 de julio Saltillo conmemora el 446 aniversario de su fundaci\u00f3n y lo hace como una ciudad fortalecida en calidad de vida, seguridad, empleo, obra p\u00fablica y desarrollo cultural, se\u00f1al\u00f3 [&hellip;]<\/p>\n","protected":false},"author":4,"featured_media":4020,"comment_status":"open","ping_status":"open","sticky":false,"template":"","format":"standard","meta":[],"categories":[5],"tags":[],"_links":{"self":[{"href":"https:\/\/alertasaltillo.com\/index.php\/wp-json\/wp\/v2\/posts\/4019"}],"collection":[{"href":"https:\/\/alertasaltillo.com\/index.php\/wp-json\/wp\/v2\/posts"}],"about":[{"href":"https:\/\/alertasaltillo.com\/index.php\/wp-json\/wp\/v2\/types\/post"}],"author":[{"embeddable":true,"href":"https:\/\/alertasaltillo.com\/index.php\/wp-json\/wp\/v2\/users\/4"}],"replies":[{"embeddable":true,"href":"https:\/\/alertasaltillo.com\/index.php\/wp-json\/wp\/v2\/comments?post=4019"}],"version-history":[{"count":1,"href":"https:\/\/alertasaltillo.com\/index.php\/wp-json\/wp\/v2\/posts\/4019\/revisions"}],"predecessor-version":[{"id":4021,"href":"https:\/\/alertasaltillo.com\/index.php\/wp-json\/wp\/v2\/posts\/4019\/revisions\/4021"}],"wp:featuredmedia":[{"embeddable":true,"href":"https:\/\/alertasaltillo.com\/index.php\/wp-json\/wp\/v2\/media\/4020"}],"wp:attachment":[{"href":"https:\/\/alertasaltillo.com\/index.php\/wp-json\/wp\/v2\/media?parent=4019"}],"wp:term":[{"taxonomy":"category","embeddable":true,"href":"https:\/\/alertasaltillo.com\/index.php\/wp-json\/wp\/v2\/categories?post=4019"},{"taxonomy":"post_tag","embeddable":true,"href":"https:\/\/alertasaltillo.com\/index.php\/wp-json\/wp\/v2\/tags?post=4019"}],"curies":[{"name":"wp","href":"https:\/\/api.w.org\/{rel}","templated":true}]}}