{"id":4006,"date":"2023-07-24T17:54:55","date_gmt":"2023-07-24T17:54:55","guid":{"rendered":"https:\/\/alertasaltillo.com\/?p=4006"},"modified":"2023-07-24T17:54:57","modified_gmt":"2023-07-24T17:54:57","slug":"comienza-instalacion-de-arboles-en-paseo-capital","status":"publish","type":"post","link":"https:\/\/alertasaltillo.com\/index.php\/2023\/07\/24\/comienza-instalacion-de-arboles-en-paseo-capital\/","title":{"rendered":"COMIENZA INSTALACI\u00d3N DE \u00c1RBOLES EN PASEO CAPITAL"},"content":{"rendered":"\n<p><em>Proyecto general registra un avance del 70 por ciento<\/em><\/p>\n\n\n\n<p>Saltillo, Coahuila de Zaragoza, a 23 de julio de 2023.- Los trabajos del proyecto peatonal Paseo Capital que impulsa el alcalde Jos\u00e9 Mar\u00eda Fraustro Siller en Saltillo avanzan y actualmente se trabaja en la instalaci\u00f3n de 20 \u00e1rboles.<\/p>\n\n\n\n<p>Se trata de \u00e1rboles tipo cresp\u00f3n y encino siempre verde que son colocados en macetones.<\/p>\n\n\n\n<p>\u201cEste es un proyecto peatonal de revitalizaci\u00f3n y embellecimiento del Centro Hist\u00f3rico y ser\u00e1 un gran s\u00edmbolo de Saltillo en el que priorizamos la peatonalizaci\u00f3n\u201d, se\u00f1al\u00f3 el alcalde.<\/p>\n\n\n\n<p>Virgilio Verduzco Echeverr\u00eda, director de Infraestructura y Obra P\u00fablica, inform\u00f3 que se inici\u00f3 con la instalaci\u00f3n de los \u00e1rboles que ser\u00e1n colocados sobre las calles de Abbott, Ju\u00e1rez, Victoria y Padre Flores.<\/p>\n\n\n\n<p>As\u00ed como cedros lim\u00f3n en Allende y Ocampo.<\/p>\n\n\n\n<p>El director de Infraestructura y Obra P\u00fablica se\u00f1al\u00f3 que el proyecto peatonal Paseo Capital registra un avance general a la fecha del 70 por ciento.<\/p>\n\n\n\n<p>\u201cEn Ju\u00e1rez entre Bravo e Hidalgo ya se remplaz\u00f3 todo el concreto estampado y estamos por terminar las rampas hacia los dos accesos a calle Ju\u00e1rez y se proceder\u00e1 a la limpieza de la piedra\u201d, dijo.<\/p>\n\n\n\n<p>Mencion\u00f3 que el tramo de Victoria est\u00e1 por concluir y se trabaja tambi\u00e9n en Padre Flores y Abbott donde est\u00e1 por concluir la construcci\u00f3n de banquetas para iniciar con el concreto estampado.<\/p>\n\n\n\n<p><\/p>\n","protected":false},"excerpt":{"rendered":"<p>Proyecto general registra un avance del 70 por ciento Saltillo, Coahuila de Zaragoza, a 23 de julio de 2023.- Los trabajos del proyecto peatonal Paseo Capital que impulsa el alcalde Jos\u00e9 Mar\u00eda Fraustro Siller en Saltillo avanzan y actualmente se trabaja en la instalaci\u00f3n de 20 \u00e1rboles. Se trata de \u00e1rboles tipo cresp\u00f3n y encino [&hellip;]<\/p>\n","protected":false},"author":4,"featured_media":4007,"comment_status":"open","ping_status":"open","sticky":false,"template":"","format":"standard","meta":[],"categories":[5],"tags":[],"_links":{"self":[{"href":"https:\/\/alertasaltillo.com\/index.php\/wp-json\/wp\/v2\/posts\/4006"}],"collection":[{"href":"https:\/\/alertasaltillo.com\/index.php\/wp-json\/wp\/v2\/posts"}],"about":[{"href":"https:\/\/alertasaltillo.com\/index.php\/wp-json\/wp\/v2\/types\/post"}],"author":[{"embeddable":true,"href":"https:\/\/alertasaltillo.com\/index.php\/wp-json\/wp\/v2\/users\/4"}],"replies":[{"embeddable":true,"href":"https:\/\/alertasaltillo.com\/index.php\/wp-json\/wp\/v2\/comments?post=4006"}],"version-history":[{"count":1,"href":"https:\/\/alertasaltillo.com\/index.php\/wp-json\/wp\/v2\/posts\/4006\/revisions"}],"predecessor-version":[{"id":4008,"href":"https:\/\/alertasaltillo.com\/index.php\/wp-json\/wp\/v2\/posts\/4006\/revisions\/4008"}],"wp:featuredmedia":[{"embeddable":true,"href":"https:\/\/alertasaltillo.com\/index.php\/wp-json\/wp\/v2\/media\/4007"}],"wp:attachment":[{"href":"https:\/\/alertasaltillo.com\/index.php\/wp-json\/wp\/v2\/media?parent=4006"}],"wp:term":[{"taxonomy":"category","embeddable":true,"href":"https:\/\/alertasaltillo.com\/index.php\/wp-json\/wp\/v2\/categories?post=4006"},{"taxonomy":"post_tag","embeddable":true,"href":"https:\/\/alertasaltillo.com\/index.php\/wp-json\/wp\/v2\/tags?post=4006"}],"curies":[{"name":"wp","href":"https:\/\/api.w.org\/{rel}","templated":true}]}}