{"id":4003,"date":"2023-07-24T17:51:15","date_gmt":"2023-07-24T17:51:15","guid":{"rendered":"https:\/\/alertasaltillo.com\/?p=4003"},"modified":"2023-07-24T17:51:17","modified_gmt":"2023-07-24T17:51:17","slug":"mas-de-22-mil-asistentes-disfrutan-de-los-dos-carnales","status":"publish","type":"post","link":"https:\/\/alertasaltillo.com\/index.php\/2023\/07\/24\/mas-de-22-mil-asistentes-disfrutan-de-los-dos-carnales\/","title":{"rendered":"MAS DE 22 MIL ASISTENTES DISFRUTAN DE LOS DOS CARNALES"},"content":{"rendered":"\n<p><em>Fiesta Internacional de las Artes Saltillo 446 est\u00e1 en el gusto de todos los p\u00fablicos<\/em><\/p>\n\n\n\n<p>Saltillo, Coahuila de Zaragoza, a 23 de julio de 2023.- M\u00e1s de 22 mil saltillenses disfrutaron y bailaron los \u00e9xitos de Los 2 Carnales, quienes durante la noche de este domingo engalanaron la Fiesta Internacional de las Artes, FINA, Saltillo 446.<\/p>\n\n\n\n<p>Como parte de la celebraci\u00f3n por el aniversario de esta ciudad, el Gobierno Municipal que encabeza el alcalde Jos\u00e9 Mar\u00eda Fraustro Siller ofreci\u00f3 a saltillenses y visitantes el concierto de este reconocido grupo de m\u00fasica norte\u00f1a en un sitio que ya es referente de la FINA: el cruce del bulevar Venustiano Carranza y avenida Universidad.<\/p>\n\n\n\n<p>A partir de las 7:00 de la noche de este domingo, el ambiente de alegr\u00eda y fiesta se vivi\u00f3 en este lugar que se ha convertido en el escenario perfecto para la presentaci\u00f3n de artistas locales, nacionales y extranjeros.<\/p>\n\n\n\n<p>Las y los saltillenses disfrutaron del talento y la pasi\u00f3n de Los 2 Carnales, quienes a trav\u00e9s de sus grandes \u00e9xitos pusieron a bailar y cantar a todos durante su presentaci\u00f3n que se convirti\u00f3 en una velada familiar inolvidable, en celebraci\u00f3n por el 446 de Saltillo.<\/p>\n\n\n\n<p>Los 2 Carnales han sido galardonados con el Premio Lo Nuestro, a la Canci\u00f3n Norte\u00f1a del A\u00f1o en Regional Mexicano; el Premio Grammy Latino por mejor \u00e1lbum de m\u00fasica norte\u00f1a; el Premio Juventud a La Nueva Generaci\u00f3n en Regional Mexicano y el Premio Juventud a la Mejor Canci\u00f3n Regional Mexicana, entre varios m\u00e1s.<\/p>\n\n\n\n<p>Adem\u00e1s, los m\u00e1s de 22 mil asistentes pudieron disfrutar de Los Cedillo de Saltillo, as\u00ed como del grupo Fara Fara D\u00fao, quienes transmitieron desde el escenario energ\u00eda y pasi\u00f3n a trav\u00e9s de la m\u00fasica regional mexicana.<\/p>\n\n\n\n<p>El alcalde Chema Fraustro invit\u00f3 a la ciudadan\u00eda a disfrutar de todos los eventos que se tienen programados para este lunes 24 y martes 25 de julio, dentro de la Fiesta Internacional de las Artes, FINA, Saltillo 446<\/p>\n\n\n\n<p><\/p>\n","protected":false},"excerpt":{"rendered":"<p>Fiesta Internacional de las Artes Saltillo 446 est\u00e1 en el gusto de todos los p\u00fablicos Saltillo, Coahuila de Zaragoza, a 23 de julio de 2023.- M\u00e1s de 22 mil saltillenses disfrutaron y bailaron los \u00e9xitos de Los 2 Carnales, quienes durante la noche de este domingo engalanaron la Fiesta Internacional de las Artes, FINA, Saltillo [&hellip;]<\/p>\n","protected":false},"author":4,"featured_media":4004,"comment_status":"open","ping_status":"open","sticky":false,"template":"","format":"standard","meta":[],"categories":[5],"tags":[],"_links":{"self":[{"href":"https:\/\/alertasaltillo.com\/index.php\/wp-json\/wp\/v2\/posts\/4003"}],"collection":[{"href":"https:\/\/alertasaltillo.com\/index.php\/wp-json\/wp\/v2\/posts"}],"about":[{"href":"https:\/\/alertasaltillo.com\/index.php\/wp-json\/wp\/v2\/types\/post"}],"author":[{"embeddable":true,"href":"https:\/\/alertasaltillo.com\/index.php\/wp-json\/wp\/v2\/users\/4"}],"replies":[{"embeddable":true,"href":"https:\/\/alertasaltillo.com\/index.php\/wp-json\/wp\/v2\/comments?post=4003"}],"version-history":[{"count":1,"href":"https:\/\/alertasaltillo.com\/index.php\/wp-json\/wp\/v2\/posts\/4003\/revisions"}],"predecessor-version":[{"id":4005,"href":"https:\/\/alertasaltillo.com\/index.php\/wp-json\/wp\/v2\/posts\/4003\/revisions\/4005"}],"wp:featuredmedia":[{"embeddable":true,"href":"https:\/\/alertasaltillo.com\/index.php\/wp-json\/wp\/v2\/media\/4004"}],"wp:attachment":[{"href":"https:\/\/alertasaltillo.com\/index.php\/wp-json\/wp\/v2\/media?parent=4003"}],"wp:term":[{"taxonomy":"category","embeddable":true,"href":"https:\/\/alertasaltillo.com\/index.php\/wp-json\/wp\/v2\/categories?post=4003"},{"taxonomy":"post_tag","embeddable":true,"href":"https:\/\/alertasaltillo.com\/index.php\/wp-json\/wp\/v2\/tags?post=4003"}],"curies":[{"name":"wp","href":"https:\/\/api.w.org\/{rel}","templated":true}]}}