{"id":3632,"date":"2023-06-19T23:15:44","date_gmt":"2023-06-19T23:15:44","guid":{"rendered":"https:\/\/alertasaltillo.com\/?p=3632"},"modified":"2023-06-19T23:15:46","modified_gmt":"2023-06-19T23:15:46","slug":"aprueba-cabildo-de-saltillo-recargos-a-peso-en-predial-y-otros-impuestos","status":"publish","type":"post","link":"https:\/\/alertasaltillo.com\/index.php\/2023\/06\/19\/aprueba-cabildo-de-saltillo-recargos-a-peso-en-predial-y-otros-impuestos\/","title":{"rendered":"APRUEBA CABILDO DE SALTILLO RECARGOS A PESO EN PREDIAL Y OTROS IMPUESTOS"},"content":{"rendered":"\n<p> Tendr\u00e1n vigencia del 1 al 31 de julio <\/p>\n\n\n\n<p> Saltillo, Coahuila de Zaragoza a 19 de junio de 2023.- En apoyo de la poblaci\u00f3n, el Cabildo de Saltillo, encabezado por el alcalde Jos\u00e9 Mar\u00eda Fraustro Siller, aprob\u00f3 el otorgamiento de diferentes est\u00edmulos fiscales, entre estos al predial, con vigencia del 1 al 31 de julio. Se trata del cobro de un peso por concepto de recargos por a\u00f1o en el impuesto predial, recolecci\u00f3n de basura, Impuesto Sobre Ejercicio de Actividades Mercantiles, mercados, servicio de tr\u00e1nsito y conceptos relativos a establecimientos que expendan bebidas alcoh\u00f3licas. Adem\u00e1s, en sanciones administrativas y fiscales; de los Servicios por Impuesto por Espect\u00e1culos; servicios de saneamiento de aguas residuales; por la expedici\u00f3n de licencias para la colocaci\u00f3n de anuncios y carteles publicitarios; y por los provenientes de la ocupaci\u00f3n de v\u00edas p\u00fablicas. Se aprob\u00f3 tambi\u00e9n el otorgamiento de un est\u00edmulo fiscal consistente en el 75 por ciento de descuento en recargos generados por el Impuesto Sobre Adquisici\u00f3n de Inmuebles con la misma vigencia, es decir, del 1 al 31 de julio. Durante la sesi\u00f3n se aprob\u00f3 por unanimidad el informe de los Estados Financieros correspondientes al mes de mayo de 2023 presentados por la Tesorer\u00eda Municipal. Tambi\u00e9n las ratificaciones en relaci\u00f3n a la desincorporaci\u00f3n del dominio p\u00fablico y enajenaci\u00f3n a t\u00edtulo gratuito mediante la figura jur\u00eddica de la donaci\u00f3n de diferentes predios a favor del Gobierno del Estado con destino a la Secretar\u00eda de Educaci\u00f3n. Se aprobaron tambi\u00e9n diversas solicitudes de asignaci\u00f3n de nomenclatura para fraccionamientos.<\/p>\n","protected":false},"excerpt":{"rendered":"<p>Tendr\u00e1n vigencia del 1 al 31 de julio Saltillo, Coahuila de Zaragoza a 19 de junio de 2023.- En apoyo de la poblaci\u00f3n, el Cabildo de Saltillo, encabezado por el alcalde Jos\u00e9 Mar\u00eda Fraustro Siller, aprob\u00f3 el otorgamiento de diferentes est\u00edmulos fiscales, entre estos al predial, con vigencia del 1 al 31 de julio. Se [&hellip;]<\/p>\n","protected":false},"author":4,"featured_media":3633,"comment_status":"open","ping_status":"open","sticky":false,"template":"","format":"standard","meta":[],"categories":[5],"tags":[],"_links":{"self":[{"href":"https:\/\/alertasaltillo.com\/index.php\/wp-json\/wp\/v2\/posts\/3632"}],"collection":[{"href":"https:\/\/alertasaltillo.com\/index.php\/wp-json\/wp\/v2\/posts"}],"about":[{"href":"https:\/\/alertasaltillo.com\/index.php\/wp-json\/wp\/v2\/types\/post"}],"author":[{"embeddable":true,"href":"https:\/\/alertasaltillo.com\/index.php\/wp-json\/wp\/v2\/users\/4"}],"replies":[{"embeddable":true,"href":"https:\/\/alertasaltillo.com\/index.php\/wp-json\/wp\/v2\/comments?post=3632"}],"version-history":[{"count":1,"href":"https:\/\/alertasaltillo.com\/index.php\/wp-json\/wp\/v2\/posts\/3632\/revisions"}],"predecessor-version":[{"id":3634,"href":"https:\/\/alertasaltillo.com\/index.php\/wp-json\/wp\/v2\/posts\/3632\/revisions\/3634"}],"wp:featuredmedia":[{"embeddable":true,"href":"https:\/\/alertasaltillo.com\/index.php\/wp-json\/wp\/v2\/media\/3633"}],"wp:attachment":[{"href":"https:\/\/alertasaltillo.com\/index.php\/wp-json\/wp\/v2\/media?parent=3632"}],"wp:term":[{"taxonomy":"category","embeddable":true,"href":"https:\/\/alertasaltillo.com\/index.php\/wp-json\/wp\/v2\/categories?post=3632"},{"taxonomy":"post_tag","embeddable":true,"href":"https:\/\/alertasaltillo.com\/index.php\/wp-json\/wp\/v2\/tags?post=3632"}],"curies":[{"name":"wp","href":"https:\/\/api.w.org\/{rel}","templated":true}]}}