{"id":3577,"date":"2023-06-14T23:27:59","date_gmt":"2023-06-14T23:27:59","guid":{"rendered":"https:\/\/alertasaltillo.com\/?p=3577"},"modified":"2023-06-14T23:28:01","modified_gmt":"2023-06-14T23:28:01","slug":"rescata-policia-ambiental-a-dos-osos-y-los-reincorpora-a-su-entorno-natural","status":"publish","type":"post","link":"https:\/\/alertasaltillo.com\/index.php\/2023\/06\/14\/rescata-policia-ambiental-a-dos-osos-y-los-reincorpora-a-su-entorno-natural\/","title":{"rendered":"RESCATA POLICIA AMBIENTAL A DOS OSOS Y LOS REINCORPORA A SU ENTORNO NATURAL"},"content":{"rendered":"\n<p><\/p>\n\n\n\n<p>La Polic\u00eda Ambiental de Saltillo, en coordinaci\u00f3n con la Semarnat y el Museo del Desierto, atendi\u00f3 este martes el avistamiento de dos osos negros en la colonia Lomas de Lourdes, a los cuales se les brind\u00f3 el manejo adecuado para reincorporarlos a su entorno natural. &nbsp; J\u00e9ssica Mart\u00ednez Terrazas, coordinadora de la Polic\u00eda Ambiental, explic\u00f3 que el martes se recibi\u00f3 el reporte del avistamiento de estos ejemplares, una hembra adulta y un osezno.&nbsp; &nbsp; \u201cQuienes participamos en esta atenci\u00f3n procedimos a capturar a los ejemplares para trasladarlos al Museo del Desierto, ah\u00ed se les brind\u00f3 alimento y atenci\u00f3n m\u00e9dica durante la tarde y noche del martes\u201d, explic\u00f3 Mart\u00ednez Terrazas. &nbsp; La Coordinadora de la Polic\u00eda Ambiental agreg\u00f3 que este mi\u00e9rcoles por la ma\u00f1ana personal capacitado realiz\u00f3 la liberaci\u00f3n de los osos para reinsertarlos en su entorno natural, en la misma Sierra Zapalinam\u00e9. &nbsp; Coment\u00f3 que entre las funciones de la Polic\u00eda Ambiental est\u00e1 atender situaciones como estas de avistamiento de fauna silvestre, casos de maltrato animal, delitos ambientales y su prevenci\u00f3n, por mencionar algunos. &nbsp; Exhort\u00f3 a la ciudadan\u00eda a realizar los reportes a trav\u00e9s de los grupos de WhatsApp de los Comit\u00e9s Ciudadanos de Seguridad.<\/p>\n","protected":false},"excerpt":{"rendered":"<p>La Polic\u00eda Ambiental de Saltillo, en coordinaci\u00f3n con la Semarnat y el Museo del Desierto, atendi\u00f3 este martes el avistamiento de dos osos negros en la colonia Lomas de Lourdes, a los cuales se les brind\u00f3 el manejo adecuado para reincorporarlos a su entorno natural. &nbsp; J\u00e9ssica Mart\u00ednez Terrazas, coordinadora de la Polic\u00eda Ambiental, explic\u00f3 [&hellip;]<\/p>\n","protected":false},"author":4,"featured_media":3578,"comment_status":"open","ping_status":"open","sticky":false,"template":"","format":"standard","meta":[],"categories":[5],"tags":[],"_links":{"self":[{"href":"https:\/\/alertasaltillo.com\/index.php\/wp-json\/wp\/v2\/posts\/3577"}],"collection":[{"href":"https:\/\/alertasaltillo.com\/index.php\/wp-json\/wp\/v2\/posts"}],"about":[{"href":"https:\/\/alertasaltillo.com\/index.php\/wp-json\/wp\/v2\/types\/post"}],"author":[{"embeddable":true,"href":"https:\/\/alertasaltillo.com\/index.php\/wp-json\/wp\/v2\/users\/4"}],"replies":[{"embeddable":true,"href":"https:\/\/alertasaltillo.com\/index.php\/wp-json\/wp\/v2\/comments?post=3577"}],"version-history":[{"count":1,"href":"https:\/\/alertasaltillo.com\/index.php\/wp-json\/wp\/v2\/posts\/3577\/revisions"}],"predecessor-version":[{"id":3579,"href":"https:\/\/alertasaltillo.com\/index.php\/wp-json\/wp\/v2\/posts\/3577\/revisions\/3579"}],"wp:featuredmedia":[{"embeddable":true,"href":"https:\/\/alertasaltillo.com\/index.php\/wp-json\/wp\/v2\/media\/3578"}],"wp:attachment":[{"href":"https:\/\/alertasaltillo.com\/index.php\/wp-json\/wp\/v2\/media?parent=3577"}],"wp:term":[{"taxonomy":"category","embeddable":true,"href":"https:\/\/alertasaltillo.com\/index.php\/wp-json\/wp\/v2\/categories?post=3577"},{"taxonomy":"post_tag","embeddable":true,"href":"https:\/\/alertasaltillo.com\/index.php\/wp-json\/wp\/v2\/tags?post=3577"}],"curies":[{"name":"wp","href":"https:\/\/api.w.org\/{rel}","templated":true}]}}