{"id":29516,"date":"2026-09-06T15:52:23","date_gmt":"2026-09-06T15:52:23","guid":{"rendered":"https:\/\/alertasaltillo.com\/?p=29516"},"modified":"2026-09-06T15:52:27","modified_gmt":"2026-09-06T15:52:27","slug":"entregamos-becas-de-10-mil-pesos-a-miles-de-personas-con-discapacidad-manolo","status":"publish","type":"post","link":"https:\/\/alertasaltillo.com\/index.php\/2026\/09\/06\/entregamos-becas-de-10-mil-pesos-a-miles-de-personas-con-discapacidad-manolo\/","title":{"rendered":"ENTREGAMOS BECAS DE 10 MIL PESOS A MILES DE PERSONAS CON DISCAPACIDAD: MANOLO"},"content":{"rendered":"\n<p>Monclova, Coahuila de Zaragoza; a 05 de septiembre de 2026.- El gobernador Manolo Jim\u00e9nez Salinas, acompa\u00f1ado por Liliana Salinas Vald\u00e9s, presidenta honoraria del DIF Coahuila, hizo entrega de apoyos del programa \u201cVeamos la Discapacidad\u00bb en la regi\u00f3n Centro-Desierto, como parte de este gran proyecto estatal que beneficia a miles de personas adultas mayores y con discapacidad en toda la entidad.<\/p>\n\n\n\n<p>\u00abCon el programa del DIF Coahuila, \u201cVeamos la Discapacidad\u201d seguimos apoyando a nuestra gente. Desde la regi\u00f3n Centro-Desierto, entregamos para varios municipios 45 unidades UNEDIF, aparatos ortop\u00e9dicos y auditivos, adem\u00e1s de cientos de becas de 10 mil pesos para personas con discapacidad. En este gran proyecto estamos invirtiendo m\u00e1s de 300 millones de pesos para apoyar a miles de familias en todo Coahuila. \u00a1Seguimos cumpliendo y trabajando cerca de nuestra gente!\u00bb, destac\u00f3 el gobernador.<\/p>\n\n\n\n<p>El programa de apoyos econ\u00f3micos \u201cVeamos la Discapacidad\u201d es una iniciativa impulsada a trav\u00e9s del DIF Coahuila, que tiene como prop\u00f3sito promover la inclusi\u00f3n social y garantizar la igualdad de oportunidades, buscando mejorar la autonom\u00eda, econom\u00eda y salud de las personas con discapacidad, al fomentar su desarrollo f\u00edsico, cognitivo y socioemocional.<\/p>\n\n\n\n<p>Manolo Jim\u00e9nez destac\u00f3 la presencia de alcaldes y alcaldesas de Coahuila en esta gran entrega de veh\u00edculos UNEDIF, y agradeci\u00f3 el trabajo coordinado y en equipo con la mayor\u00eda de los municipios, con quienes se tienen m\u00e1s obras, proyectos y programas por el bien de sus comunidades y de Coahuila.<\/p>\n\n\n\n<p>Destac\u00f3 que este d\u00eda se detonaron varios programas importantes en la regi\u00f3n Centro, como la entrega de apoyos \u201cVeamos la Discapacidad\u201d, la entrega de aparatos auditivos y aparatos funcionales; as\u00ed como programas en el tema educativo.<\/p>\n\n\n\n<p>Record\u00f3 que a principios de a\u00f1o se anunci\u00f3 un gran proyecto para la gente con discapacidad para todos los municipios, en el cual el Gobierno del Estado junto con las y los alcaldes le est\u00e1n destinando en este 2026 m\u00e1s de 300 millones de pesos, con muchas acciones, y una de ellas son los apoyos econ\u00f3micos para la gente con esta condici\u00f3n.<\/p>\n\n\n\n<p>Jim\u00e9nez Salinas destac\u00f3 que se tienen otros programas sociales y de salud, como el de la tarjeta de la Salud Popular, enfocado a adultos mayores y a personas con discapacidad sin seguridad social; as\u00ed como los programas sociales de Mejora Coahuila; los mercaditos, las brigadas de salud, el programa alimentario, entre otros.<\/p>\n\n\n\n<p>\u201cPero en Coahuila tambi\u00e9n trabajamos en otros muchos temas, como son el desarrollo econ\u00f3mico, la educaci\u00f3n, turismo, o seguridad\u201d, se\u00f1al\u00f3.<\/p>\n\n\n\n<p>El Mandatario estatal expres\u00f3 que la mejor manera de honrar la confianza de la gente es cumpliendo, y que hoy su gobierno le est\u00e1 cumpliendo a los adultos mayores y a la gente con discapacidad.<\/p>\n\n\n\n<p>En su mensaje, Liliana Salinas mencion\u00f3 que en Coahuila, desde el DIF estatal se est\u00e1 trabajando por sensibilizar y por trabajar a favor de las personas con discapacidad, para propiciar que existan las condiciones adecuadas y, sobre todo, para fomentar y forjar un Coahuila definitivamente m\u00e1s incluyente.<\/p>\n\n\n\n<p>Agreg\u00f3 que hace m\u00e1s de 13 a\u00f1os que no se hac\u00eda una entrega de unidades UNEDIF de este tama\u00f1o, y que los 118 aparatos funcionales y los 76 aparatos auditivos que hoy se entregaron, se suman a los que se han venido entregando en todo el estado.<\/p>\n\n\n\n<p>\u201cAqu\u00ed seguimos redoblando esfuerzos desde el DIF Coahuila, redoblando nuestro trabajo, comprometidos con los coahuilenses, con cada uno de nuestros municipios, y agradezco sinceramente el apoyo de todos los alcaldes y alcaldesas, de las presidentas y presidentes de los sistemas DIF, porque creo que estamos trabajando de una manera muy coordinada, muy efectiva y esto nos ayuda a llegar, apoyar y atender a m\u00e1s gente\u201d, asever\u00f3 Liliana Salinas.<\/p>\n\n\n\n<p>Acompa\u00f1aron a gobernador en este evento, adem\u00e1s, Gabriel Elizondo P\u00e9rez, senador de la Rep\u00fablica; Carlos Villarreal P\u00e9rez, alcalde de Monclova; Mavi Sosa de Villarreal, presidenta honoraria del DIF Monclova; Theodoros Kalionchiz de la Fuente, diputado federal; Jorge Pi\u00f1ones Arsuaga, coordinador general de Mejora Coahuila; Sergio Sisbeles, subsecretario de gobierno en la regi\u00f3n Centro-Desierto; Alejandro Cepeda Vald\u00e9s, director general del DIF Coahuila; y Carlos Pe\u00f1a Rodr\u00edguez, beneficiario.<\/p>\n\n\n\n<p><\/p>\n","protected":false},"excerpt":{"rendered":"<p>Monclova, Coahuila de Zaragoza; a 05 de septiembre de 2026.- El gobernador Manolo Jim\u00e9nez Salinas, acompa\u00f1ado por Liliana Salinas Vald\u00e9s, presidenta honoraria del DIF Coahuila, hizo entrega de apoyos del programa \u201cVeamos la Discapacidad\u00bb en la regi\u00f3n Centro-Desierto, como parte de este gran proyecto estatal que beneficia a miles de personas adultas mayores y con [&hellip;]<\/p>\n","protected":false},"author":4,"featured_media":29517,"comment_status":"open","ping_status":"open","sticky":false,"template":"","format":"standard","meta":[],"categories":[214],"tags":[],"_links":{"self":[{"href":"https:\/\/alertasaltillo.com\/index.php\/wp-json\/wp\/v2\/posts\/29516"}],"collection":[{"href":"https:\/\/alertasaltillo.com\/index.php\/wp-json\/wp\/v2\/posts"}],"about":[{"href":"https:\/\/alertasaltillo.com\/index.php\/wp-json\/wp\/v2\/types\/post"}],"author":[{"embeddable":true,"href":"https:\/\/alertasaltillo.com\/index.php\/wp-json\/wp\/v2\/users\/4"}],"replies":[{"embeddable":true,"href":"https:\/\/alertasaltillo.com\/index.php\/wp-json\/wp\/v2\/comments?post=29516"}],"version-history":[{"count":1,"href":"https:\/\/alertasaltillo.com\/index.php\/wp-json\/wp\/v2\/posts\/29516\/revisions"}],"predecessor-version":[{"id":29518,"href":"https:\/\/alertasaltillo.com\/index.php\/wp-json\/wp\/v2\/posts\/29516\/revisions\/29518"}],"wp:featuredmedia":[{"embeddable":true,"href":"https:\/\/alertasaltillo.com\/index.php\/wp-json\/wp\/v2\/media\/29517"}],"wp:attachment":[{"href":"https:\/\/alertasaltillo.com\/index.php\/wp-json\/wp\/v2\/media?parent=29516"}],"wp:term":[{"taxonomy":"category","embeddable":true,"href":"https:\/\/alertasaltillo.com\/index.php\/wp-json\/wp\/v2\/categories?post=29516"},{"taxonomy":"post_tag","embeddable":true,"href":"https:\/\/alertasaltillo.com\/index.php\/wp-json\/wp\/v2\/tags?post=29516"}],"curies":[{"name":"wp","href":"https:\/\/api.w.org\/{rel}","templated":true}]}}