{"id":29501,"date":"2026-09-06T15:29:30","date_gmt":"2026-09-06T15:29:30","guid":{"rendered":"https:\/\/alertasaltillo.com\/?p=29501"},"modified":"2026-09-06T15:29:33","modified_gmt":"2026-09-06T15:29:33","slug":"coordinacion-consolida-a-saltillo-como-la-capital-mas-segura-de-mexico-javier-diaz","status":"publish","type":"post","link":"https:\/\/alertasaltillo.com\/index.php\/2026\/09\/06\/coordinacion-consolida-a-saltillo-como-la-capital-mas-segura-de-mexico-javier-diaz\/","title":{"rendered":"COORDINACI\u00d3N CONSOLIDA A SALTILLO COMO LA CAPITAL M\u00c1S SEGURA DE M\u00c9XICO: JAVIER D\u00cdAZ"},"content":{"rendered":"\n<p><\/p>\n\n\n\n<p><em>Alcalde de Saltillo encabeza reuni\u00f3n mensual de seguridad en la que participan los tres niveles de gobierno<\/em><\/p>\n\n\n\n<p>Saltillo, Coahuila de Zaragoza; 05 de septiembre de 2026.- Durante la reuni\u00f3n mensual de seguridad en la que participan los tres niveles de gobierno, el alcalde de Saltillo, Javier D\u00edaz Gonz\u00e1lez, reconoci\u00f3 el esfuerzo que realizan las diferentes \u00e1reas de la Comisar\u00eda de Seguridad y Protecci\u00f3n Ciudadana y los exhort\u00f3 a redoblar esfuerzos, adem\u00e1s de mantener la presencia en todos los sectores de la ciudad.<\/p>\n\n\n\n<p>\u00abLa coordinaci\u00f3n entre los tres \u00f3rdenes de gobierno con la ciudadan\u00eda consolida a Saltillo como la capital m\u00e1s segura de M\u00e9xico\u00bb resalt\u00f3.<\/p>\n\n\n\n<p>El Presidente Municipal dijo que en las tareas de seguridad es fundamental el apoyo que se recibe por parte del Gobernador Manolo Jim\u00e9nez Salinas, as\u00ed como de la Presidenta de la Rep\u00fablica, Claudia Sheinbaum, del Ej\u00e9rcito Mexicano, la Guardia Nacional, la Marina Armada de M\u00e9xico, la iniciativa privada y la ciudadan\u00eda.<\/p>\n\n\n\n<p>\u201cLes pido mucha proximidad, mucha cercan\u00eda con la ciudadan\u00eda para fortalecer la confianza; nosotros seguiremos invirtiendo porque invertir en seguridad es invertir en el bienestar y en el desarrollo de las familias\u201d, coment\u00f3 el Alcalde a los asistentes a la reuni\u00f3n.<\/p>\n\n\n\n<p>En la mesa de trabajo, Javier D\u00edaz Gonz\u00e1lez indic\u00f3 que, como parte de las estrategias en materia de seguridad, Jord\u00e1n Espino Guzm\u00e1n asume como Director de la Polic\u00eda y Tr\u00e1nsito Municipal en Saltillo.<\/p>\n\n\n\n<p>En las exposiciones se report\u00f3 un saldo blanco en el operativo de regreso a clases y se giraron instrucciones para las acciones de prevenci\u00f3n y reacci\u00f3n en las actividades de las fiestas patrias.<\/p>\n\n\n\n<p>El comisionado de Seguridad y Protecci\u00f3n Ciudadana de Saltillo, Miguel \u00c1ngel Garza F\u00e9lix, destac\u00f3 la coordinaci\u00f3n que se tiene con las instituciones encargadas de seguridad en tareas de prevenci\u00f3n, reacci\u00f3n e impartici\u00f3n de justicia.<\/p>\n\n\n\n<p>Garza F\u00e9lix dio a conocer que en lo que va del a\u00f1o se reporta una disminuci\u00f3n en la incidencia delictiva del 55.89 por ciento en comparaci\u00f3n con el mismo periodo del a\u00f1o anterior.<\/p>\n\n\n\n<p>\u201cVamos a seguir trabajando muy coordinados y con mucha proximidad social como nos lo ha solicitado el alcalde Javier D\u00edaz Gonz\u00e1lez, queremos mantener a Saltillo como la capital m\u00e1s segura de M\u00e9xico para tranquilidad de las familias\u201d, coment\u00f3 el titular de la Comisar\u00eda.<\/p>\n\n\n\n<p>A la reuni\u00f3n de seguridad tambi\u00e9n asisti\u00f3 el coronel de infanter\u00eda de Estado Mayor, Rey \u00c1ngel Rodr\u00edguez Alcocer, comandante del 69 Batall\u00f3n de Infanter\u00eda; el teniente coronel, Jos\u00e9 Hern\u00e1ndez Castro, jefe coordinador policial de la Vigesimosegunda Coordinaci\u00f3n de Unidad, en representaci\u00f3n del capit\u00e1n segundo, Salom\u00f3n Hern\u00e1ndez Estebez, de la coordinaci\u00f3n estatal de la Guardia Nacional en Coahuila; el subdelegado de la Fiscal\u00eda General de la Rep\u00fablica, Reynaldo Reyna Cruz; el secretario de Seguridad P\u00fablica en la entidad, Hugo Eduardo Guti\u00e9rrez Rodr\u00edguez; el delegado de la Fiscal\u00eda General del Estado, Julio Loera Ru\u00edz; el subsecretario de Operaciones de la Polic\u00eda Estatal, H\u00e9ctor Flores Rodr\u00edguez.<\/p>\n\n\n\n<p>Tambi\u00e9n estuvieron representantes del Poder Judicial del Estado, del COE, de la Agencia de Investigaci\u00f3n Criminal, del Centro de Justicia y Empoderamiento de las Mujeres, del Centro Nacional de Inteligencia, de la Comisi\u00f3n Estatal de Derechos Humanos y de la Polic\u00eda Civil del Estado.<\/p>\n\n\n\n<p>Asimismo, el secretario del Ayuntamiento, Francisco Saracho Navarro; el jefe de Gabinete y Proyectos Estrat\u00e9gicos, C\u00e9sar Iv\u00e1n Moreno Aguirre; el primer regidor, Mario Mata Quintero; el director de Protecci\u00f3n Civil y Bomberos, Francisco Mart\u00ednez \u00c1valos; titulares de las diferentes \u00e1reas y agrupamientos de la Comisar\u00eda de Seguridad y Protecci\u00f3n Ciudadana, as\u00ed como Sara Arizpe Ramos, directora general del Consejo C\u00edvico de Instituciones de Coahuila.<\/p>\n","protected":false},"excerpt":{"rendered":"<p>Alcalde de Saltillo encabeza reuni\u00f3n mensual de seguridad en la que participan los tres niveles de gobierno Saltillo, Coahuila de Zaragoza; 05 de septiembre de 2026.- Durante la reuni\u00f3n mensual de seguridad en la que participan los tres niveles de gobierno, el alcalde de Saltillo, Javier D\u00edaz Gonz\u00e1lez, reconoci\u00f3 el esfuerzo que realizan las diferentes [&hellip;]<\/p>\n","protected":false},"author":4,"featured_media":29502,"comment_status":"open","ping_status":"open","sticky":false,"template":"","format":"standard","meta":[],"categories":[205],"tags":[],"_links":{"self":[{"href":"https:\/\/alertasaltillo.com\/index.php\/wp-json\/wp\/v2\/posts\/29501"}],"collection":[{"href":"https:\/\/alertasaltillo.com\/index.php\/wp-json\/wp\/v2\/posts"}],"about":[{"href":"https:\/\/alertasaltillo.com\/index.php\/wp-json\/wp\/v2\/types\/post"}],"author":[{"embeddable":true,"href":"https:\/\/alertasaltillo.com\/index.php\/wp-json\/wp\/v2\/users\/4"}],"replies":[{"embeddable":true,"href":"https:\/\/alertasaltillo.com\/index.php\/wp-json\/wp\/v2\/comments?post=29501"}],"version-history":[{"count":1,"href":"https:\/\/alertasaltillo.com\/index.php\/wp-json\/wp\/v2\/posts\/29501\/revisions"}],"predecessor-version":[{"id":29503,"href":"https:\/\/alertasaltillo.com\/index.php\/wp-json\/wp\/v2\/posts\/29501\/revisions\/29503"}],"wp:featuredmedia":[{"embeddable":true,"href":"https:\/\/alertasaltillo.com\/index.php\/wp-json\/wp\/v2\/media\/29502"}],"wp:attachment":[{"href":"https:\/\/alertasaltillo.com\/index.php\/wp-json\/wp\/v2\/media?parent=29501"}],"wp:term":[{"taxonomy":"category","embeddable":true,"href":"https:\/\/alertasaltillo.com\/index.php\/wp-json\/wp\/v2\/categories?post=29501"},{"taxonomy":"post_tag","embeddable":true,"href":"https:\/\/alertasaltillo.com\/index.php\/wp-json\/wp\/v2\/tags?post=29501"}],"curies":[{"name":"wp","href":"https:\/\/api.w.org\/{rel}","templated":true}]}}