{"id":29498,"date":"2026-09-06T15:27:25","date_gmt":"2026-09-06T15:27:25","guid":{"rendered":"https:\/\/alertasaltillo.com\/?p=29498"},"modified":"2026-09-06T15:27:27","modified_gmt":"2026-09-06T15:27:27","slug":"la-fotografia-de-una-medusa-en-marte-sorprende-a-cientificos-y-aficonados","status":"publish","type":"post","link":"https:\/\/alertasaltillo.com\/index.php\/2026\/09\/06\/la-fotografia-de-una-medusa-en-marte-sorprende-a-cientificos-y-aficonados\/","title":{"rendered":"LA FOTOGRAF\u00cdA DE UNA \u00abMEDUSA\u00bb EN MARTE SORPRENDE A CIENT\u00cdFICOS Y AFICONADOS"},"content":{"rendered":"\n<p>La imagen fue tomada en 2023 por el rover Curiosity, aunque gener\u00f3 controversia en redes sociales durante los \u00faltimos d\u00edas.<\/p>\n\n\n\n<p><\/p>\n\n\n\n<p>CIUDAD DE M\u00c9XICO (apro).- Una fotograf\u00eda que muestra una extra\u00f1a figura en Marte,&nbsp;tomada el 20 de agosto en 2023 durante una misi\u00f3n de exploraci\u00f3n de la Administraci\u00f3n Nacional de Aeron\u00e1utica y del Espacio (NASA),&nbsp;se viraliz\u00f3 recientemente, provocando una ola de reacciones sobre la posibilidad de que exista vida en el planeta rojo.&nbsp;&nbsp;<\/p>\n\n\n\n<p>Marte ha cautivado al ser humano desde la antig\u00fcedad, recibiendo su actual nombre de los romanos, quienes lo asociaron con su dios de la guerra. Desde el siglo pasado ha sido objeto de exploraciones debido a que los cient\u00edficos creen que ese planeta estuvo cubierto de agua y pudo haber albergado part\u00edculas de vida, aunque a\u00fan no se ha encontrado evidencia.\u00a0<\/p>\n\n\n\n<p>El planeta rojo actualmente tiene una atm\u00f3sfera hostil y una superficie llena de formaciones geol\u00f3gicas, algunas que podr\u00edan parecer ruinas de antiguas civilizaciones para el ojo humano, aunque la versi\u00f3n oficial, hasta ahora, es que&nbsp;son resultado de procesos naturales que tomaron siglos en formarse.&nbsp;&nbsp;<\/p>\n\n\n\n<p>Fue en uno de esos parajes del planeta, el cr\u00e1ter Gale, donde\u00a0el rover Curiosity, un robot explorador del tama\u00f1o de un veh\u00edculo enviado por la NASA a Marte,\u00a0tom\u00f3 la fotograf\u00eda que ha generado controversia en redes sociales durante los \u00faltimos d\u00edas.\u00a0\u00a0<\/p>\n\n\n\n<p>Con Informaci\u00f3n Tomada de PROCESO<\/p>\n","protected":false},"excerpt":{"rendered":"<p>La imagen fue tomada en 2023 por el rover Curiosity, aunque gener\u00f3 controversia en redes sociales durante los \u00faltimos d\u00edas. CIUDAD DE M\u00c9XICO (apro).- Una fotograf\u00eda que muestra una extra\u00f1a figura en Marte,&nbsp;tomada el 20 de agosto en 2023 durante una misi\u00f3n de exploraci\u00f3n de la Administraci\u00f3n Nacional de Aeron\u00e1utica y del Espacio (NASA),&nbsp;se viraliz\u00f3 [&hellip;]<\/p>\n","protected":false},"author":4,"featured_media":29499,"comment_status":"open","ping_status":"open","sticky":false,"template":"","format":"standard","meta":[],"categories":[9],"tags":[],"_links":{"self":[{"href":"https:\/\/alertasaltillo.com\/index.php\/wp-json\/wp\/v2\/posts\/29498"}],"collection":[{"href":"https:\/\/alertasaltillo.com\/index.php\/wp-json\/wp\/v2\/posts"}],"about":[{"href":"https:\/\/alertasaltillo.com\/index.php\/wp-json\/wp\/v2\/types\/post"}],"author":[{"embeddable":true,"href":"https:\/\/alertasaltillo.com\/index.php\/wp-json\/wp\/v2\/users\/4"}],"replies":[{"embeddable":true,"href":"https:\/\/alertasaltillo.com\/index.php\/wp-json\/wp\/v2\/comments?post=29498"}],"version-history":[{"count":1,"href":"https:\/\/alertasaltillo.com\/index.php\/wp-json\/wp\/v2\/posts\/29498\/revisions"}],"predecessor-version":[{"id":29500,"href":"https:\/\/alertasaltillo.com\/index.php\/wp-json\/wp\/v2\/posts\/29498\/revisions\/29500"}],"wp:featuredmedia":[{"embeddable":true,"href":"https:\/\/alertasaltillo.com\/index.php\/wp-json\/wp\/v2\/media\/29499"}],"wp:attachment":[{"href":"https:\/\/alertasaltillo.com\/index.php\/wp-json\/wp\/v2\/media?parent=29498"}],"wp:term":[{"taxonomy":"category","embeddable":true,"href":"https:\/\/alertasaltillo.com\/index.php\/wp-json\/wp\/v2\/categories?post=29498"},{"taxonomy":"post_tag","embeddable":true,"href":"https:\/\/alertasaltillo.com\/index.php\/wp-json\/wp\/v2\/tags?post=29498"}],"curies":[{"name":"wp","href":"https:\/\/api.w.org\/{rel}","templated":true}]}}