{"id":29495,"date":"2026-09-06T15:21:15","date_gmt":"2026-09-06T15:21:15","guid":{"rendered":"https:\/\/alertasaltillo.com\/?p=29495"},"modified":"2026-09-06T15:21:17","modified_gmt":"2026-09-06T15:21:17","slug":"va-javier-diaz-por-un-saltillo-mas-seguro-refuerza-senalizacion-urbana","status":"publish","type":"post","link":"https:\/\/alertasaltillo.com\/index.php\/2026\/09\/06\/va-javier-diaz-por-un-saltillo-mas-seguro-refuerza-senalizacion-urbana\/","title":{"rendered":"VA JAVIER D\u00cdAZ POR UN SALTILLO M\u00c1S SEGURO; REFUERZA SE\u00d1ALIZACI\u00d3N URBANA"},"content":{"rendered":"\n<p><\/p>\n\n\n\n<p><em>Delimita Ayuntamiento carriles del bulevar Venustiano Carranza, mejora la imagen del Centro Metropolitano y fortalece cruces peatonales<\/em><\/p>\n\n\n\n<p>Saltillo, Coahuila de Zaragoza; 05 de septiembre de 2026.- Con el prop\u00f3sito de mejorar la seguridad vial, fortalecer la movilidad y mantener una ciudad con mejor imagen urbana, el alcalde Javier D\u00edaz Gonz\u00e1lez instruy\u00f3 una nueva jornada de trabajos en distintos puntos estrat\u00e9gicos de Saltillo.<\/p>\n\n\n\n<p>En el bulevar Venustiano Carranza, en el tramo comprendido entre el bulevar Nazario S. Ortiz Garza y la Carretera a Los Valdez, se realiz\u00f3 la delimitaci\u00f3n de los carriles centrales en ambos sentidos de circulaci\u00f3n, a fin de contribuir a una circulaci\u00f3n m\u00e1s ordenada y segura.<\/p>\n\n\n\n<p>De manera simult\u00e1nea y con el apoyo del gobernador Manolo Jim\u00e9nez Salinas, brigadas de \u201cAqu\u00ed Andamos\u201d realizan acciones de embellecimiento y mantenimiento del mobiliario urbano en las diferentes \u00e1reas del Centro Metropolitano de Saltillo, con trabajos de pintura que ayudan a conservar este importante espacio de convivencia y actividad ciudadana.<\/p>\n\n\n\n<p>La atenci\u00f3n tambi\u00e9n lleg\u00f3 a distintos cruces peatonales, donde se trabaj\u00f3 en la pintura y delimitaci\u00f3n de los pasos peatonales en las intersecciones de las calles D\u00e1maso Rodr\u00edguez Gonz\u00e1lez y 2 de Abril, as\u00ed como en Raymundo de la Cruz L\u00f3pez y Humberto Castilla Salas, adem\u00e1s del entronque con la vialidad lateral del perif\u00e9rico Luis Echeverr\u00eda \u00c1lvarez.<\/p>\n\n\n\n<p>Estas labores forman parte de la estrategia permanente que impulsa el Gobierno Municipal para mantener en buenas condiciones la infraestructura vial y generar entornos m\u00e1s seguros para automovilistas y peatones.<\/p>\n","protected":false},"excerpt":{"rendered":"<p>Delimita Ayuntamiento carriles del bulevar Venustiano Carranza, mejora la imagen del Centro Metropolitano y fortalece cruces peatonales Saltillo, Coahuila de Zaragoza; 05 de septiembre de 2026.- Con el prop\u00f3sito de mejorar la seguridad vial, fortalecer la movilidad y mantener una ciudad con mejor imagen urbana, el alcalde Javier D\u00edaz Gonz\u00e1lez instruy\u00f3 una nueva jornada de [&hellip;]<\/p>\n","protected":false},"author":4,"featured_media":29496,"comment_status":"open","ping_status":"open","sticky":false,"template":"","format":"standard","meta":[],"categories":[5],"tags":[],"_links":{"self":[{"href":"https:\/\/alertasaltillo.com\/index.php\/wp-json\/wp\/v2\/posts\/29495"}],"collection":[{"href":"https:\/\/alertasaltillo.com\/index.php\/wp-json\/wp\/v2\/posts"}],"about":[{"href":"https:\/\/alertasaltillo.com\/index.php\/wp-json\/wp\/v2\/types\/post"}],"author":[{"embeddable":true,"href":"https:\/\/alertasaltillo.com\/index.php\/wp-json\/wp\/v2\/users\/4"}],"replies":[{"embeddable":true,"href":"https:\/\/alertasaltillo.com\/index.php\/wp-json\/wp\/v2\/comments?post=29495"}],"version-history":[{"count":1,"href":"https:\/\/alertasaltillo.com\/index.php\/wp-json\/wp\/v2\/posts\/29495\/revisions"}],"predecessor-version":[{"id":29497,"href":"https:\/\/alertasaltillo.com\/index.php\/wp-json\/wp\/v2\/posts\/29495\/revisions\/29497"}],"wp:featuredmedia":[{"embeddable":true,"href":"https:\/\/alertasaltillo.com\/index.php\/wp-json\/wp\/v2\/media\/29496"}],"wp:attachment":[{"href":"https:\/\/alertasaltillo.com\/index.php\/wp-json\/wp\/v2\/media?parent=29495"}],"wp:term":[{"taxonomy":"category","embeddable":true,"href":"https:\/\/alertasaltillo.com\/index.php\/wp-json\/wp\/v2\/categories?post=29495"},{"taxonomy":"post_tag","embeddable":true,"href":"https:\/\/alertasaltillo.com\/index.php\/wp-json\/wp\/v2\/tags?post=29495"}],"curies":[{"name":"wp","href":"https:\/\/api.w.org\/{rel}","templated":true}]}}