{"id":29486,"date":"2026-09-06T15:11:50","date_gmt":"2026-09-06T15:11:50","guid":{"rendered":"https:\/\/alertasaltillo.com\/?p=29486"},"modified":"2026-09-06T15:11:52","modified_gmt":"2026-09-06T15:11:52","slug":"autobus-escolar-cae-a-un-barranco-reportan-25-estudiantes-fallecidos-y-decenas-de-heridos-regresaban-de-una-escursion","status":"publish","type":"post","link":"https:\/\/alertasaltillo.com\/index.php\/2026\/09\/06\/autobus-escolar-cae-a-un-barranco-reportan-25-estudiantes-fallecidos-y-decenas-de-heridos-regresaban-de-una-escursion\/","title":{"rendered":"AUTOB\u00daS ESCOLAR CAE A UN BARRANCO; REPORTAN 25 ESTUDIANTES FALLECIDOS Y DECENAS DE HERIDOS, REGRESABAN DE UNA ESCURSI\u00d3N"},"content":{"rendered":"\n<p>Entre los pacientes que permanecen hospitalizados hay cuatro con lesiones graves en la cabeza y al menos dos adolescentes cuyo estado fue considerado de alto riesgo<\/p>\n\n\n\n<p>Al menos&nbsp;<strong>25 personas murieron<\/strong>&nbsp;y&nbsp;<strong>decenas resultaron heridas<\/strong>&nbsp;despu\u00e9s de que un&nbsp;<strong>autob\u00fas<\/strong>&nbsp;se saliera de una carretera y&nbsp;<strong>cayera por un barranco<\/strong>&nbsp;de aproximadamente 30 metros en la isla de Fogo, en&nbsp;<strong>Cabo Verde<\/strong>. La unidad transportaba principalmente a ni\u00f1os, adolescentes y j\u00f3venes que&nbsp;<strong>regresaban de una excursi\u00f3n<\/strong>.<\/p>\n\n\n\n<p>El&nbsp;<strong>accidente<\/strong>&nbsp;ocurri\u00f3 la noche del s\u00e1bado 5 de septiembre, en el trayecto que conecta Ch\u00e3 das Caldeiras con Campanas, en el municipio de S\u00e3o Filipe. El veh\u00edculo termin\u00f3 en una zona de dif\u00edcil acceso despu\u00e9s de&nbsp;<strong>precipitarse desde la carretera<\/strong>, lo que complic\u00f3 las primeras maniobras para llegar hasta las v\u00edctimas.<\/p>\n\n\n\n<p>Inicialmente, las autoridades informaron de&nbsp;<strong>18 fallecidos<\/strong>; sin embargo, conforme avanzaron las labores de rescate y algunos heridos fueron trasladados al hospital, el balance aument\u00f3. Para la ma\u00f1ana del domingo, autoridades locales&nbsp;<strong>confirmaron 25 muertes<\/strong>.<\/p>\n\n\n\n<p>La Polic\u00eda Nacional y especialistas en tr\u00e1nsito iniciaron las investigaciones para determinar por qu\u00e9 el conductor perdi\u00f3 el control del\u00a0<strong>autob\u00fas<\/strong>. Hasta ahora no existe una causa oficial del\u00a0<strong>accidente<\/strong>, por lo que las autoridades analizan las condiciones de la carretera, el veh\u00edculo y otros elementos que permitan reconstruir los \u00faltimos momentos del recorrido.<\/p>\n\n\n\n<p>Con Informaci\u00f3n Tomada de EL HERALDO DE M\u00c9XICO<\/p>\n","protected":false},"excerpt":{"rendered":"<p>Entre los pacientes que permanecen hospitalizados hay cuatro con lesiones graves en la cabeza y al menos dos adolescentes cuyo estado fue considerado de alto riesgo Al menos&nbsp;25 personas murieron&nbsp;y&nbsp;decenas resultaron heridas&nbsp;despu\u00e9s de que un&nbsp;autob\u00fas&nbsp;se saliera de una carretera y&nbsp;cayera por un barranco&nbsp;de aproximadamente 30 metros en la isla de Fogo, en&nbsp;Cabo Verde. La unidad [&hellip;]<\/p>\n","protected":false},"author":4,"featured_media":29487,"comment_status":"open","ping_status":"open","sticky":false,"template":"","format":"standard","meta":[],"categories":[186],"tags":[],"_links":{"self":[{"href":"https:\/\/alertasaltillo.com\/index.php\/wp-json\/wp\/v2\/posts\/29486"}],"collection":[{"href":"https:\/\/alertasaltillo.com\/index.php\/wp-json\/wp\/v2\/posts"}],"about":[{"href":"https:\/\/alertasaltillo.com\/index.php\/wp-json\/wp\/v2\/types\/post"}],"author":[{"embeddable":true,"href":"https:\/\/alertasaltillo.com\/index.php\/wp-json\/wp\/v2\/users\/4"}],"replies":[{"embeddable":true,"href":"https:\/\/alertasaltillo.com\/index.php\/wp-json\/wp\/v2\/comments?post=29486"}],"version-history":[{"count":1,"href":"https:\/\/alertasaltillo.com\/index.php\/wp-json\/wp\/v2\/posts\/29486\/revisions"}],"predecessor-version":[{"id":29488,"href":"https:\/\/alertasaltillo.com\/index.php\/wp-json\/wp\/v2\/posts\/29486\/revisions\/29488"}],"wp:featuredmedia":[{"embeddable":true,"href":"https:\/\/alertasaltillo.com\/index.php\/wp-json\/wp\/v2\/media\/29487"}],"wp:attachment":[{"href":"https:\/\/alertasaltillo.com\/index.php\/wp-json\/wp\/v2\/media?parent=29486"}],"wp:term":[{"taxonomy":"category","embeddable":true,"href":"https:\/\/alertasaltillo.com\/index.php\/wp-json\/wp\/v2\/categories?post=29486"},{"taxonomy":"post_tag","embeddable":true,"href":"https:\/\/alertasaltillo.com\/index.php\/wp-json\/wp\/v2\/tags?post=29486"}],"curies":[{"name":"wp","href":"https:\/\/api.w.org\/{rel}","templated":true}]}}