{"id":29474,"date":"2026-09-06T14:51:56","date_gmt":"2026-09-06T14:51:56","guid":{"rendered":"https:\/\/alertasaltillo.com\/?p=29474"},"modified":"2026-09-06T14:51:59","modified_gmt":"2026-09-06T14:51:59","slug":"maestros-que-dejan-huella-un-homenaje-a-quienes-transforman-desde-las-aulas","status":"publish","type":"post","link":"https:\/\/alertasaltillo.com\/index.php\/2026\/09\/06\/maestros-que-dejan-huella-un-homenaje-a-quienes-transforman-desde-las-aulas\/","title":{"rendered":"\u00abMAESTROS QUE DEJAN HUELLA\u00bb: UN HOMENAJE A QUIENES TRANSFORMAN DESDE LAS AULAS"},"content":{"rendered":"\n<h3><strong>El periodista Jes\u00fas Jim\u00e9nez \u00abChuchuy\u00bb present\u00f3 su libro que re\u00fane las historias de 50 docentes de Saltillo y la Regi\u00f3n Sureste de Coahuila, entre ellos Alicia de la Pe\u00f1a, directora administrativa de El Heraldo de Saltillo y quien se desempe\u00f1\u00f3 por d\u00e9cadas como docente en la Facultad de Mercadotecnia de la Universidad Aut\u00f3noma de Coahuila (UA de C) Unidad Saltillo<\/strong><\/h3>\n\n\n\n<p><\/p>\n\n\n\n<p>Como un acto de justicia, gratitud y reconocimiento a quienes han dedicado su vida a la formaci\u00f3n de generaciones, este jueves se llev\u00f3 a cabo en el Museo del Desierto (Mude), en Saltillo, la presentaci\u00f3n del libro \u00abMaestros que dejan Huella\u00bb, del periodista Jes\u00fas Jim\u00e9nez \u00c1lvarez \u00abChuchuy\u00bb.\u00a0<\/p>\n\n\n\n<p>\u00abY ah\u00ed va mi m\u00e1s sincero homenaje y mi m\u00e1s respetuoso tributo a todos esos profesores, licenciados, maestros y doctores en educaci\u00f3n que dedicaron su vida profesional precisamente a la educaci\u00f3n de los dem\u00e1s, son 50 historias de 50 grandes educadores\u00bb, indic\u00f3 \u00abChuchuy\u00bb.<\/p>\n\n\n\n<p>La obra, editada por Editorial MiLibro, re\u00fane las historias y trayectorias de 50 maestras y maestros cuyas experiencias fueron recopiladas a lo largo de los \u00faltimos a\u00f1os a trav\u00e9s del segmento \u00abMaestros que dejan Huella\u00bb, del noticiario local Despega con Chuchuy.<\/p>\n\n\n\n<p>\u00abGracias por el reconocimiento que se hace hoy a los maestros, pues nuestro desempe\u00f1o le dio un sentido maravilloso a nuestra vida, una satisfacci\u00f3n del deber cumplido, considerando que esta labor ayud\u00f3 acompa\u00f1ando a nuestros alumnos a desarrollarse, a crecer\u00bb, dijo la maestra Thelma Cecilia de la Fuente, quien hizo uso de la palabra en representaci\u00f3n de los maestros homenajeados en este libro.<\/p>\n\n\n\n<p>\u00abSaltillo y Coahuila es grande gracias a su gente y su gente ha construido la grandeza de Saltillo,y esa formaci\u00f3n que ha recibido las y los saltillenses han sido por un grupo de maestras y maestras, lo cual siempre estamos agradecidos, pero sobre todo siempre reconocemos lo que hacen por nuestra ciudad y por lo que hacen por nuestro estado\u00bb, mencion\u00f3 el alcalde de Saltillo, Javier D\u00edaz Gonz\u00e1lez.\u00a0<\/p>\n\n\n\n<p>Se mencionan tambi\u00e9n nombres como el de don Arturo Berrueto Gonz\u00e1lez, Esperanza D\u00e1vila Sota, Andres Mendoza Salas, Dora Alicia Valero, Everardo Mart\u00ednez Pinedo, Jes\u00fas Ciro L\u00f3pez D\u00e1vila y del padre Pascual Ch\u00e1vez Villanueva, por citar algunos.<\/p>\n\n\n\n<p>Con Informaci\u00f3n Tomada de EL HERALDO DE SALTILLO<\/p>\n","protected":false},"excerpt":{"rendered":"<p>El periodista Jes\u00fas Jim\u00e9nez \u00abChuchuy\u00bb present\u00f3 su libro que re\u00fane las historias de 50 docentes de Saltillo y la Regi\u00f3n Sureste de Coahuila, entre ellos Alicia de la Pe\u00f1a, directora administrativa de El Heraldo de Saltillo y quien se desempe\u00f1\u00f3 por d\u00e9cadas como docente en la Facultad de Mercadotecnia de la Universidad Aut\u00f3noma de Coahuila [&hellip;]<\/p>\n","protected":false},"author":4,"featured_media":29475,"comment_status":"open","ping_status":"open","sticky":false,"template":"","format":"standard","meta":[],"categories":[201],"tags":[],"_links":{"self":[{"href":"https:\/\/alertasaltillo.com\/index.php\/wp-json\/wp\/v2\/posts\/29474"}],"collection":[{"href":"https:\/\/alertasaltillo.com\/index.php\/wp-json\/wp\/v2\/posts"}],"about":[{"href":"https:\/\/alertasaltillo.com\/index.php\/wp-json\/wp\/v2\/types\/post"}],"author":[{"embeddable":true,"href":"https:\/\/alertasaltillo.com\/index.php\/wp-json\/wp\/v2\/users\/4"}],"replies":[{"embeddable":true,"href":"https:\/\/alertasaltillo.com\/index.php\/wp-json\/wp\/v2\/comments?post=29474"}],"version-history":[{"count":1,"href":"https:\/\/alertasaltillo.com\/index.php\/wp-json\/wp\/v2\/posts\/29474\/revisions"}],"predecessor-version":[{"id":29476,"href":"https:\/\/alertasaltillo.com\/index.php\/wp-json\/wp\/v2\/posts\/29474\/revisions\/29476"}],"wp:featuredmedia":[{"embeddable":true,"href":"https:\/\/alertasaltillo.com\/index.php\/wp-json\/wp\/v2\/media\/29475"}],"wp:attachment":[{"href":"https:\/\/alertasaltillo.com\/index.php\/wp-json\/wp\/v2\/media?parent=29474"}],"wp:term":[{"taxonomy":"category","embeddable":true,"href":"https:\/\/alertasaltillo.com\/index.php\/wp-json\/wp\/v2\/categories?post=29474"},{"taxonomy":"post_tag","embeddable":true,"href":"https:\/\/alertasaltillo.com\/index.php\/wp-json\/wp\/v2\/tags?post=29474"}],"curies":[{"name":"wp","href":"https:\/\/api.w.org\/{rel}","templated":true}]}}