{"id":29459,"date":"2026-09-03T19:01:23","date_gmt":"2026-09-03T19:01:23","guid":{"rendered":"https:\/\/alertasaltillo.com\/?p=29459"},"modified":"2026-09-03T19:01:25","modified_gmt":"2026-09-03T19:01:25","slug":"expo-coahuila-fortalecera-el-desarrollo-economico-y-turistico-manolo","status":"publish","type":"post","link":"https:\/\/alertasaltillo.com\/index.php\/2026\/09\/03\/expo-coahuila-fortalecera-el-desarrollo-economico-y-turistico-manolo\/","title":{"rendered":"EXPO COAHUILA FORTALECER\u00c1 EL DESARROLLO ECON\u00d3MICO Y TUR\u00cdSTICO: MANOLO"},"content":{"rendered":"\n<p>Saltillo, Coahuila de Zaragoza; a 02 de septiembre de 2026.- Acompa\u00f1ado por Javier D\u00efaz Gonz\u00e1lez, alcalde de Saltillo, y por Blas Flores Gonz\u00e1lez, jefe de Gabinete y Proyectos Estrat\u00e9gicos, el gobernador Manolo Jim\u00e9nez Salinas supervis\u00f3 los avances de lo que ser\u00e1 la Expo Coahuila, en donde se invierten m\u00e1s de 270 millones de pesos y que registra un avance total del 91 por ciento.<\/p>\n\n\n\n<p>\u00abVamos avanzando al 100 con Expo Coahuila, un gran proyecto para fortalecer el desarrollo econ\u00f3mico y tur\u00edstico del Estado\u00bb, destac\u00f3 el gobernador.<\/p>\n\n\n\n<p>Esta obra estar\u00e1 concluida y entregada en su primera etapa en octubre, lista para la Expo Rodeo Saltillo 2026.<\/p>\n\n\n\n<p>\u201cEn Coahuila sabemos que cuando se hacen las cosas bien se logra el \u00e9xito. Con mi amigo el alcalde Javier D\u00edaz y Blas Flores, jefe de Gabinete y Proyectos Estrat\u00e9gicos, supervisamos lo que va a ser la Expo Coahuila\u201d, mencion\u00f3 el mandatario estatal.<\/p>\n\n\n\n<p>Destac\u00f3 que este es un gran proyecto de talla nacional e internacional para traer conciertos, espect\u00e1culos, convenciones y grandes eventos a la capital del Estado, como lo es el Rodeo Saltillo y muchos otros m\u00e1s.<\/p>\n\n\n\n<p>Manolo Jim\u00e9nez escuch\u00f3 la explicaci\u00f3n t\u00e9cnica de la construcci\u00f3n de cada una de las \u00e1reas que componen esta Expo Coahuila, para, posteriormente, realizar un recorrido por las instalaciones y constatar, de manera personal, el avance en su edificaci\u00f3n.<\/p>\n\n\n\n<p>Record\u00f3 que al igual que la Expo Coahuila, en todas las regiones de la entidad se est\u00e1n desarrollando grandes proyectos de infraestructura que abonan al dinamismo econ\u00f3mico y que impactan de manera positiva en la calidad de vida de las familias coahuilenses.<\/p>\n\n\n\n<p>La Expo Coahuila ser\u00e1 un espacio que ayudar\u00e1 de gran manera en el turismo y en la econom\u00eda de nuestro estado y de la regi\u00f3n Sureste.<\/p>\n\n\n\n<p>El proyecto de Expo Coahuila, que fue un compromiso de campa\u00f1a de Manolo Jim\u00e9nez, incluye Forum, Distrito Vaquero, Plaza de las Estrellas, Explanada 38, Domo Norte, Wine Garden Food Court, Teatro del Pueblo, Pabell\u00f3n Sarape, Villas del Desierto, entre otras amenidades.<\/p>\n\n\n\n<p><\/p>\n","protected":false},"excerpt":{"rendered":"<p>Saltillo, Coahuila de Zaragoza; a 02 de septiembre de 2026.- Acompa\u00f1ado por Javier D\u00efaz Gonz\u00e1lez, alcalde de Saltillo, y por Blas Flores Gonz\u00e1lez, jefe de Gabinete y Proyectos Estrat\u00e9gicos, el gobernador Manolo Jim\u00e9nez Salinas supervis\u00f3 los avances de lo que ser\u00e1 la Expo Coahuila, en donde se invierten m\u00e1s de 270 millones de pesos y [&hellip;]<\/p>\n","protected":false},"author":4,"featured_media":29460,"comment_status":"open","ping_status":"open","sticky":false,"template":"","format":"standard","meta":[],"categories":[4],"tags":[],"_links":{"self":[{"href":"https:\/\/alertasaltillo.com\/index.php\/wp-json\/wp\/v2\/posts\/29459"}],"collection":[{"href":"https:\/\/alertasaltillo.com\/index.php\/wp-json\/wp\/v2\/posts"}],"about":[{"href":"https:\/\/alertasaltillo.com\/index.php\/wp-json\/wp\/v2\/types\/post"}],"author":[{"embeddable":true,"href":"https:\/\/alertasaltillo.com\/index.php\/wp-json\/wp\/v2\/users\/4"}],"replies":[{"embeddable":true,"href":"https:\/\/alertasaltillo.com\/index.php\/wp-json\/wp\/v2\/comments?post=29459"}],"version-history":[{"count":1,"href":"https:\/\/alertasaltillo.com\/index.php\/wp-json\/wp\/v2\/posts\/29459\/revisions"}],"predecessor-version":[{"id":29461,"href":"https:\/\/alertasaltillo.com\/index.php\/wp-json\/wp\/v2\/posts\/29459\/revisions\/29461"}],"wp:featuredmedia":[{"embeddable":true,"href":"https:\/\/alertasaltillo.com\/index.php\/wp-json\/wp\/v2\/media\/29460"}],"wp:attachment":[{"href":"https:\/\/alertasaltillo.com\/index.php\/wp-json\/wp\/v2\/media?parent=29459"}],"wp:term":[{"taxonomy":"category","embeddable":true,"href":"https:\/\/alertasaltillo.com\/index.php\/wp-json\/wp\/v2\/categories?post=29459"},{"taxonomy":"post_tag","embeddable":true,"href":"https:\/\/alertasaltillo.com\/index.php\/wp-json\/wp\/v2\/tags?post=29459"}],"curies":[{"name":"wp","href":"https:\/\/api.w.org\/{rel}","templated":true}]}}