{"id":29456,"date":"2026-09-03T18:58:13","date_gmt":"2026-09-03T18:58:13","guid":{"rendered":"https:\/\/alertasaltillo.com\/?p=29456"},"modified":"2026-09-03T18:58:15","modified_gmt":"2026-09-03T18:58:15","slug":"horror-en-el-mar-hallan-a-mas-de-80-personas-sin-vida-incluida-una-bebe-en-un-pequeno-bote","status":"publish","type":"post","link":"https:\/\/alertasaltillo.com\/index.php\/2026\/09\/03\/horror-en-el-mar-hallan-a-mas-de-80-personas-sin-vida-incluida-una-bebe-en-un-pequeno-bote\/","title":{"rendered":"HORROR EN EL MAR: HALLAN A M\u00c1S DE 80 PERSONAS SIN VIDA, INCLUIDA UNA BEB\u00c9 EN UN PEQUE\u00d1O BOTE"},"content":{"rendered":"\n<p>La embarcaci\u00f3n fue avistada por uno de los aviones de los equipos de rescate Salvamento Marino, quienes comenzaron las labores de rescate para ayudar a otras 45 personas que a\u00fan estaban con vida<\/p>\n\n\n\n<p>M\u00e1s de&nbsp;<strong>80 personas sin vida<\/strong>&nbsp;fueron&nbsp;<strong>encontradas<\/strong>&nbsp;dentro de una peque\u00f1a&nbsp;<strong>embarcaci\u00f3n<\/strong>&nbsp;que qued\u00f3 a la deriva en el&nbsp;<strong>mar europeo<\/strong>. De acuerdo con la<strong>&nbsp;Guardia Civil espa\u00f1ola,<\/strong>&nbsp;entre los&nbsp;<strong>cad\u00e1veres<\/strong>&nbsp;hay un&nbsp;<strong>beb\u00e9,<\/strong>&nbsp;confirm\u00f3 a la ONG Caminando Fronteras.<\/p>\n\n\n\n<p>De acuerdo con las autoridades, la peque\u00f1a embarcaci\u00f3n parti\u00f3 desde hace 27 d\u00edas de&nbsp;<strong>Gambia<\/strong>&nbsp;en el&nbsp;<strong>continente africano<\/strong>, para llegar a las<strong>&nbsp;Islas Canarias<\/strong>&nbsp;en&nbsp;<strong>Europa<\/strong>. Sin embargo, el bote fue localizado durante el&nbsp;<strong>mi\u00e9rcoles 2 de septiembre<\/strong>&nbsp;por la tarde.&nbsp;<\/p>\n\n\n\n<p>La\u00a0<strong>embarcaci\u00f3n<\/strong>\u00a0fue avistada por uno de los\u00a0<strong>aviones<\/strong>\u00a0de los equipos de rescate\u00a0<strong>Salvamento Marino<\/strong>, quienes comenzaron las\u00a0<strong>labores de rescate<\/strong>\u00a0para ayudar a otras\u00a0<strong>45 personas<\/strong>\u00a0que a\u00fan estaban\u00a0<strong>con vida,\u00a0<\/strong>aferrados a la peque\u00f1a embarcaci\u00f3n llena con migrantes.<\/p>\n\n\n\n<p>Durante la&nbsp;<strong>madrugada<\/strong>&nbsp;de este<strong>&nbsp;jueves 3 de septiembre<\/strong>&nbsp;terminaron las labores de rescate de los sobrevivientes varados en el mar, as\u00ed como de algunos&nbsp;<strong>cad\u00e1veres<\/strong>, ya que al menos unos&nbsp;<strong>cinco cuerpos de personas<\/strong>&nbsp;que perecieron,&nbsp;<strong>no pudieron ser salvados<\/strong>&nbsp;debido a las extremas condiciones clim\u00e1ticas del mar.<\/p>\n\n\n\n<p>Pero seg\u00fan Helena Maleno, portavoz de Caminando Fronteras, 83 personas, entre ellas\u00a0<strong>cuatro mujeres<\/strong>\u00a0y\u00a0<strong>una beb\u00e9<\/strong>,\u00a0<strong>fallecieron<\/strong>\u00a0en una embarcaci\u00f3n \u00abque sali\u00f3 de Gambia hace 27 d\u00edas, dijo citada por AFP.\u00a0<\/p>\n\n\n\n<p>Las<strong>&nbsp;islas Canarias<\/strong>, ubicadas frente a las costas de \u00c1frica occidental, son una de las principales&nbsp;<strong>puertas<\/strong>&nbsp;de&nbsp;<strong>entrada<\/strong>&nbsp;a&nbsp;<strong>Europa<\/strong>&nbsp;para migrantes que huyen de la pobreza, los&nbsp;<strong>conflictos<\/strong>&nbsp;y la&nbsp;<strong>persecuci\u00f3n<\/strong>, junto con las<strong>&nbsp;rutas del Mediterr\u00e1neo<\/strong>&nbsp;hacia&nbsp;<strong>Italia<\/strong>&nbsp;o&nbsp;<strong>Grecia<\/strong>.<\/p>\n\n\n\n<p>El largo viaje desde\u00a0<strong>\u00c1frica occidental\u00a0<\/strong>es extremadamente\u00a0<strong>peligroso<\/strong>\u00a0debido a las\u00a0<strong>fuertes corrientes<\/strong>\u00a0y al estado de las\u00a0<strong>embarcaciones<\/strong>, normalmente\u00a0<strong>precarias<\/strong>\u00a0y\u00a0<strong>sobrecargadas<\/strong>.<\/p>\n\n\n\n<p>Con Informaci\u00f3n Tomada de EL HERALDO DE M\u00c9XICO<\/p>\n","protected":false},"excerpt":{"rendered":"<p>La embarcaci\u00f3n fue avistada por uno de los aviones de los equipos de rescate Salvamento Marino, quienes comenzaron las labores de rescate para ayudar a otras 45 personas que a\u00fan estaban con vida M\u00e1s de&nbsp;80 personas sin vida&nbsp;fueron&nbsp;encontradas&nbsp;dentro de una peque\u00f1a&nbsp;embarcaci\u00f3n&nbsp;que qued\u00f3 a la deriva en el&nbsp;mar europeo. De acuerdo con la&nbsp;Guardia Civil espa\u00f1ola,&nbsp;entre los&nbsp;cad\u00e1veres&nbsp;hay [&hellip;]<\/p>\n","protected":false},"author":4,"featured_media":29457,"comment_status":"open","ping_status":"open","sticky":false,"template":"","format":"standard","meta":[],"categories":[9],"tags":[],"_links":{"self":[{"href":"https:\/\/alertasaltillo.com\/index.php\/wp-json\/wp\/v2\/posts\/29456"}],"collection":[{"href":"https:\/\/alertasaltillo.com\/index.php\/wp-json\/wp\/v2\/posts"}],"about":[{"href":"https:\/\/alertasaltillo.com\/index.php\/wp-json\/wp\/v2\/types\/post"}],"author":[{"embeddable":true,"href":"https:\/\/alertasaltillo.com\/index.php\/wp-json\/wp\/v2\/users\/4"}],"replies":[{"embeddable":true,"href":"https:\/\/alertasaltillo.com\/index.php\/wp-json\/wp\/v2\/comments?post=29456"}],"version-history":[{"count":1,"href":"https:\/\/alertasaltillo.com\/index.php\/wp-json\/wp\/v2\/posts\/29456\/revisions"}],"predecessor-version":[{"id":29458,"href":"https:\/\/alertasaltillo.com\/index.php\/wp-json\/wp\/v2\/posts\/29456\/revisions\/29458"}],"wp:featuredmedia":[{"embeddable":true,"href":"https:\/\/alertasaltillo.com\/index.php\/wp-json\/wp\/v2\/media\/29457"}],"wp:attachment":[{"href":"https:\/\/alertasaltillo.com\/index.php\/wp-json\/wp\/v2\/media?parent=29456"}],"wp:term":[{"taxonomy":"category","embeddable":true,"href":"https:\/\/alertasaltillo.com\/index.php\/wp-json\/wp\/v2\/categories?post=29456"},{"taxonomy":"post_tag","embeddable":true,"href":"https:\/\/alertasaltillo.com\/index.php\/wp-json\/wp\/v2\/tags?post=29456"}],"curies":[{"name":"wp","href":"https:\/\/api.w.org\/{rel}","templated":true}]}}