{"id":29453,"date":"2026-09-03T18:50:37","date_gmt":"2026-09-03T18:50:37","guid":{"rendered":"https:\/\/alertasaltillo.com\/?p=29453"},"modified":"2026-09-03T18:50:39","modified_gmt":"2026-09-03T18:50:39","slug":"invita-imm-a-donar-mezclilla-para-apoyar-a-mujeres-saltillenses","status":"publish","type":"post","link":"https:\/\/alertasaltillo.com\/index.php\/2026\/09\/03\/invita-imm-a-donar-mezclilla-para-apoyar-a-mujeres-saltillenses\/","title":{"rendered":"INVITA IMM A DONAR MEZCLILLA PARA APOYAR A MUJERES SALTILLENSES"},"content":{"rendered":"\n<p><em>Lo recaudado es entregado a mujeres que se encuentran en el Centro Penitenciario Femenil<\/em><\/p>\n\n\n\n<p>Saltillo, Coahuila de Zaragoza; 02 de septiembre de 2026.- El Instituto Municipal de las Mujeres invit\u00f3 a la poblaci\u00f3n a donar prendas de mezclilla y, de esta manera, apoyar a mujeres que se encuentran en el Centro Penitenciario Femenil.<\/p>\n\n\n\n<p>Vanessa Fern\u00e1ndez Tonone, directora del Instituto, mencion\u00f3 que las donaciones ayudar\u00e1n a transformar prendas de mezclilla como parte de un programa de capacitaci\u00f3n para la reinserci\u00f3n econ\u00f3mica.<\/p>\n\n\n\n<p>\u201cBuscamos adem\u00e1s el desarrollo de habilidades productivas para estas mujeres, por lo que las y los invitamos a donar, ya que su mezclilla puede tener una segunda vida\u201d, dijo.<\/p>\n\n\n\n<p>La directora del Instituto Municipal de las Mujeres se\u00f1al\u00f3 que con la mezclilla que ha sido donada las mujeres est\u00e1n realizando art\u00edculos como mochilas, portavasos y mini bolsas.<\/p>\n\n\n\n<p>Mencion\u00f3 que se pueden donar pantalones, chamarras o faldas de mezclilla limpias y preferentemente con la mayor cantidad de tela aprovechable.<\/p>\n\n\n\n<p>Las donaciones pueden ser entregadas durante todo lo que resta del a\u00f1o en el Instituto Municipal de las Mujeres, ubicado en la Nueva Unidad Administrativa, en el cruce de Presidente C\u00e1rdenas y Purcell, de 8:00 de la ma\u00f1ana a 2:00 de la tarde.<\/p>\n\n\n\n<p>O bien, de martes a domingo en El Chapul\u00edn, de 9:30 de la ma\u00f1ana a 2:30 de la tarde; o en el Bosque Urbano Mexicano, Etapa 1, de 8:00 de la ma\u00f1ana a 7:00 de la tarde.<\/p>\n\n\n\n<p>Asimismo, del 7 al 11 de septiembre se habilitar\u00e1 como centro de acopio temporal la Secretar\u00eda de Medio Ambiente, ubicada en el Centro de Gobierno, sobre los bulevares Fundadores y Centenario de Torre\u00f3n, de lunes a viernes de 9:00 de la ma\u00f1ana a 4:00 de la tarde.<\/p>\n\n\n\n<p><\/p>\n","protected":false},"excerpt":{"rendered":"<p>Lo recaudado es entregado a mujeres que se encuentran en el Centro Penitenciario Femenil Saltillo, Coahuila de Zaragoza; 02 de septiembre de 2026.- El Instituto Municipal de las Mujeres invit\u00f3 a la poblaci\u00f3n a donar prendas de mezclilla y, de esta manera, apoyar a mujeres que se encuentran en el Centro Penitenciario Femenil. Vanessa Fern\u00e1ndez [&hellip;]<\/p>\n","protected":false},"author":4,"featured_media":29454,"comment_status":"open","ping_status":"open","sticky":false,"template":"","format":"standard","meta":[],"categories":[5],"tags":[],"_links":{"self":[{"href":"https:\/\/alertasaltillo.com\/index.php\/wp-json\/wp\/v2\/posts\/29453"}],"collection":[{"href":"https:\/\/alertasaltillo.com\/index.php\/wp-json\/wp\/v2\/posts"}],"about":[{"href":"https:\/\/alertasaltillo.com\/index.php\/wp-json\/wp\/v2\/types\/post"}],"author":[{"embeddable":true,"href":"https:\/\/alertasaltillo.com\/index.php\/wp-json\/wp\/v2\/users\/4"}],"replies":[{"embeddable":true,"href":"https:\/\/alertasaltillo.com\/index.php\/wp-json\/wp\/v2\/comments?post=29453"}],"version-history":[{"count":1,"href":"https:\/\/alertasaltillo.com\/index.php\/wp-json\/wp\/v2\/posts\/29453\/revisions"}],"predecessor-version":[{"id":29455,"href":"https:\/\/alertasaltillo.com\/index.php\/wp-json\/wp\/v2\/posts\/29453\/revisions\/29455"}],"wp:featuredmedia":[{"embeddable":true,"href":"https:\/\/alertasaltillo.com\/index.php\/wp-json\/wp\/v2\/media\/29454"}],"wp:attachment":[{"href":"https:\/\/alertasaltillo.com\/index.php\/wp-json\/wp\/v2\/media?parent=29453"}],"wp:term":[{"taxonomy":"category","embeddable":true,"href":"https:\/\/alertasaltillo.com\/index.php\/wp-json\/wp\/v2\/categories?post=29453"},{"taxonomy":"post_tag","embeddable":true,"href":"https:\/\/alertasaltillo.com\/index.php\/wp-json\/wp\/v2\/tags?post=29453"}],"curies":[{"name":"wp","href":"https:\/\/api.w.org\/{rel}","templated":true}]}}