{"id":29441,"date":"2026-09-03T18:20:50","date_gmt":"2026-09-03T18:20:50","guid":{"rendered":"https:\/\/alertasaltillo.com\/?p=29441"},"modified":"2026-09-03T18:20:53","modified_gmt":"2026-09-03T18:20:53","slug":"en-equipo-con-manolo-jimenez-salinas-apoyamos-la-educacion","status":"publish","type":"post","link":"https:\/\/alertasaltillo.com\/index.php\/2026\/09\/03\/en-equipo-con-manolo-jimenez-salinas-apoyamos-la-educacion\/","title":{"rendered":"EN EQUIPO CON MANOLO JIM\u00c9NEZ SALINAS APOYAMOS LA EDUCACI\u00d3N"},"content":{"rendered":"\n<p><em>Alcalde de Saltillo asiste a ceremonia de inicio del ciclo escolar 2026-2027 del subsistema CECyTE Coahuila y EMSaD<\/em><\/p>\n\n\n\n<p>Saltillo, Coahuila de Zaragoza; 02 de septiembre de 2026.- El alcalde de la ciudad, Javier D\u00edaz Gonz\u00e1lez, refrend\u00f3 el compromiso de su gobierno con la educaci\u00f3n al asistir a la ceremonia de inicio del ciclo escolar 2026-2027 del Colegio de Estudios Cient\u00edficos y Tecnol\u00f3gicos, CECyTE Coahuila, as\u00ed como de los centros de Educaci\u00f3n Media Superior a Distancia, EMSaD.<\/p>\n\n\n\n<p>En el evento, que se desarroll\u00f3 en el plantel CECyTE \u201cJoaqu\u00edn Arizpe de la Maza\u201d, al sur de Saltillo, el alcalde Javier D\u00edaz Gonz\u00e1lez se comprometi\u00f3 a construir una techumbre para mejorar la infraestructura del plantel y, por ende, la preparaci\u00f3n del alumnado.<\/p>\n\n\n\n<p>\u201cEn Saltillo trabajamos de la mano con el gobernador Manolo Jim\u00e9nez Salinas, lo hacemos de manera coordinada y le entramos con todo a todos los temas y el de la educaci\u00f3n es uno de los m\u00e1s importantes para nosotros\u201d, coment\u00f3 el alcalde de la ciudad.<\/p>\n\n\n\n<p>D\u00edaz Gonz\u00e1lez agreg\u00f3 que la prioridad de prioridades de su gobierno es la seguridad p\u00fablica y que esto trae muchos beneficios para la poblaci\u00f3n, entre ellos la atracci\u00f3n de inversiones, mejores empleos y una mejor calidad de vida de la poblaci\u00f3n.<\/p>\n\n\n\n<p>Tambi\u00e9n dijo que, a 11 meses de que inici\u00f3 el programa del transporte \u201cAqu\u00ed Vamos Gratis\u201d, ya son 6.3 millones de pasajes otorgados, lo que representa un ahorro de 84 millones de pesos para las familias.<\/p>\n\n\n\n<p>La directora general de los CECyTE Coahuila, Azucena Ramos Ramos, agradeci\u00f3 al alcalde Javier D\u00edaz Gonz\u00e1lez por su apoyo y cercan\u00eda con este subsistema de bachillerato para beneficiar a las y los estudiantes.<\/p>\n\n\n\n<p>\u201cEste subsistema es el de mayor crecimiento a nivel nacional, tan solo en Coahuila contamos con 20 mil estudiantes, distribuidos en los planteles que se ubican en las diferentes regiones de la entidad\u201d, coment\u00f3 Ramos Ramos.<\/p>\n\n\n\n<p>En representaci\u00f3n del alumnado del CECyTE Coahuila, la estudiante Celeste Molina D\u00edaz dijo que es muy importante contar con oportunidades para aprender y desarrollarse profesionalmente.<\/p>\n\n\n\n<p>\u201cHoy iniciamos un nuevo ciclo escolar, es una nueva oportunidad de aprender, de convivir y de seguir capacit\u00e1ndonos para preparar nuestro futuro y cumplir con nuestras metas\u201d, coment\u00f3 Molina D\u00edaz.<\/p>\n\n\n\n<p>A la ceremonia tambi\u00e9n asisti\u00f3 Beatriz Brondo Morales, directora de Organismos Descentralizados de Educaci\u00f3n Media Superior, en representaci\u00f3n de Emanuel Garza Fishburn, secretario de Educaci\u00f3n en Coahuila; el diputado local \u00c1lvaro Moreira Vald\u00e9s; Linda Gallegos, representante de la Asociaci\u00f3n de Industriales y Empresarios de Ramos Arizpe, AIERA.<\/p>\n\n\n\n<p>Adem\u00e1s, el coordinador general de Mejora Coahuila, Jorge Alberto Pi\u00f1ones Arsuaga; el secretario general del sindicato del CECyTE EMSaD Coahuila, Mois\u00e9s Zavala; la directora del CECyTE \u201cJoaqu\u00edn Arizpe de la Maza\u201d, Luisa Ver\u00f3nica Alvarado Rivera; as\u00ed como directores, docentes y alumnos de los planteles del subsistema en esta regi\u00f3n sureste de Coahuila.<\/p>\n\n\n\n<p><\/p>\n","protected":false},"excerpt":{"rendered":"<p>Alcalde de Saltillo asiste a ceremonia de inicio del ciclo escolar 2026-2027 del subsistema CECyTE Coahuila y EMSaD Saltillo, Coahuila de Zaragoza; 02 de septiembre de 2026.- El alcalde de la ciudad, Javier D\u00edaz Gonz\u00e1lez, refrend\u00f3 el compromiso de su gobierno con la educaci\u00f3n al asistir a la ceremonia de inicio del ciclo escolar 2026-2027 [&hellip;]<\/p>\n","protected":false},"author":4,"featured_media":29442,"comment_status":"open","ping_status":"open","sticky":false,"template":"","format":"standard","meta":[],"categories":[193],"tags":[],"_links":{"self":[{"href":"https:\/\/alertasaltillo.com\/index.php\/wp-json\/wp\/v2\/posts\/29441"}],"collection":[{"href":"https:\/\/alertasaltillo.com\/index.php\/wp-json\/wp\/v2\/posts"}],"about":[{"href":"https:\/\/alertasaltillo.com\/index.php\/wp-json\/wp\/v2\/types\/post"}],"author":[{"embeddable":true,"href":"https:\/\/alertasaltillo.com\/index.php\/wp-json\/wp\/v2\/users\/4"}],"replies":[{"embeddable":true,"href":"https:\/\/alertasaltillo.com\/index.php\/wp-json\/wp\/v2\/comments?post=29441"}],"version-history":[{"count":1,"href":"https:\/\/alertasaltillo.com\/index.php\/wp-json\/wp\/v2\/posts\/29441\/revisions"}],"predecessor-version":[{"id":29443,"href":"https:\/\/alertasaltillo.com\/index.php\/wp-json\/wp\/v2\/posts\/29441\/revisions\/29443"}],"wp:featuredmedia":[{"embeddable":true,"href":"https:\/\/alertasaltillo.com\/index.php\/wp-json\/wp\/v2\/media\/29442"}],"wp:attachment":[{"href":"https:\/\/alertasaltillo.com\/index.php\/wp-json\/wp\/v2\/media?parent=29441"}],"wp:term":[{"taxonomy":"category","embeddable":true,"href":"https:\/\/alertasaltillo.com\/index.php\/wp-json\/wp\/v2\/categories?post=29441"},{"taxonomy":"post_tag","embeddable":true,"href":"https:\/\/alertasaltillo.com\/index.php\/wp-json\/wp\/v2\/tags?post=29441"}],"curies":[{"name":"wp","href":"https:\/\/api.w.org\/{rel}","templated":true}]}}