{"id":29435,"date":"2026-09-03T16:17:06","date_gmt":"2026-09-03T16:17:06","guid":{"rendered":"https:\/\/alertasaltillo.com\/?p=29435"},"modified":"2026-09-03T16:17:09","modified_gmt":"2026-09-03T16:17:09","slug":"entrega-luly-lopez-apoyos-de-corazon-a-personas-con-discapacidad","status":"publish","type":"post","link":"https:\/\/alertasaltillo.com\/index.php\/2026\/09\/03\/entrega-luly-lopez-apoyos-de-corazon-a-personas-con-discapacidad\/","title":{"rendered":"ENTREGA LULY L\u00d3PEZ APOYOS DE CORAZ\u00d3N A PERSONAS CON DISCAPACIDAD"},"content":{"rendered":"\n<p><\/p>\n\n\n\n<p><em>Se trata de la segunda entrega del a\u00f1o<\/em><\/p>\n\n\n\n<p>Saltillo, Coahuila de Zaragoza; 02 de septiembre de 2026.- Luly L\u00f3pez Naranjo, presidenta honoraria del DIF Saltillo, encabez\u00f3 la entrega de Apoyos de Coraz\u00f3n a personas con discapacidad para contribuir a mejorar su econom\u00eda y bienestar.<\/p>\n\n\n\n<p>Se trata de la segunda entrega del a\u00f1o y se beneficiar\u00e1 a un total de mil 186 personas con discapacidad, que actualmente conforman el padr\u00f3n de beneficiarios.<\/p>\n\n\n\n<p>\u201cEstamos muy contentos de realizar esta entrega en el marco del Mes de Personas con Discapacidad; sabemos que este apoyo econ\u00f3mico de mil 400 pesos es de gran ayuda para solventar sus gastos y con ello acceder a una mejor calidad de vida\u201d, refiri\u00f3 Luly L\u00f3pez Naranjo.<\/p>\n\n\n\n<p>La presidenta honoraria destac\u00f3 que las puertas del DIF Saltillo siempre estar\u00e1n abiertas para impulsar y apoyar con acciones, programas y pol\u00edticas p\u00fablicas a las personas con discapacidad, con el respaldo del alcalde Javier D\u00edaz Gonz\u00e1lez.<\/p>\n\n\n\n<p>Record\u00f3 que recientemente Saltillo recibi\u00f3 el Premio a las Mejores Pr\u00e1cticas de Gobiernos Locales de Alcaldes de M\u00e9xico, por el Programa Ponte las Pilas, en el que se capacita a personas con discapacidad para obtener un empleo o iniciar su propio emprendimiento.<\/p>\n\n\n\n<p>Asimismo, se recibi\u00f3 la Medalla \u201cGilberto Rinc\u00f3n Gallardo-Telet\u00f3n 2025\u201d, por la implementaci\u00f3n sostenible de pol\u00edticas p\u00fablicas de inclusi\u00f3n en sus ejes transversales.<\/p>\n\n\n\n<p>\u201cDesde el DIF Saltillo seguiremos promoviendo acciones para beneficiar de manera directa a las personas con discapacidad, impulsando la inclusi\u00f3n y generando oportunidades para mejorar su calidad de vida\u201d, se\u00f1al\u00f3 Luly L\u00f3pez Naranjo.<\/p>\n\n\n\n<p>Durante la entrega de los Apoyos de Coraz\u00f3n estuvieron presentes Alfonso Figueroa Vicu\u00f1a, director general del DIF Saltillo; y Karla Daniela Ramos Mac\u00edas, regidora presidenta de la Comisi\u00f3n de Derechos Humanos, Grupos Vulnerables e Igualdad.<\/p>\n","protected":false},"excerpt":{"rendered":"<p>Se trata de la segunda entrega del a\u00f1o Saltillo, Coahuila de Zaragoza; 02 de septiembre de 2026.- Luly L\u00f3pez Naranjo, presidenta honoraria del DIF Saltillo, encabez\u00f3 la entrega de Apoyos de Coraz\u00f3n a personas con discapacidad para contribuir a mejorar su econom\u00eda y bienestar. Se trata de la segunda entrega del a\u00f1o y se beneficiar\u00e1 [&hellip;]<\/p>\n","protected":false},"author":4,"featured_media":29436,"comment_status":"open","ping_status":"open","sticky":false,"template":"","format":"standard","meta":[],"categories":[5],"tags":[],"_links":{"self":[{"href":"https:\/\/alertasaltillo.com\/index.php\/wp-json\/wp\/v2\/posts\/29435"}],"collection":[{"href":"https:\/\/alertasaltillo.com\/index.php\/wp-json\/wp\/v2\/posts"}],"about":[{"href":"https:\/\/alertasaltillo.com\/index.php\/wp-json\/wp\/v2\/types\/post"}],"author":[{"embeddable":true,"href":"https:\/\/alertasaltillo.com\/index.php\/wp-json\/wp\/v2\/users\/4"}],"replies":[{"embeddable":true,"href":"https:\/\/alertasaltillo.com\/index.php\/wp-json\/wp\/v2\/comments?post=29435"}],"version-history":[{"count":1,"href":"https:\/\/alertasaltillo.com\/index.php\/wp-json\/wp\/v2\/posts\/29435\/revisions"}],"predecessor-version":[{"id":29437,"href":"https:\/\/alertasaltillo.com\/index.php\/wp-json\/wp\/v2\/posts\/29435\/revisions\/29437"}],"wp:featuredmedia":[{"embeddable":true,"href":"https:\/\/alertasaltillo.com\/index.php\/wp-json\/wp\/v2\/media\/29436"}],"wp:attachment":[{"href":"https:\/\/alertasaltillo.com\/index.php\/wp-json\/wp\/v2\/media?parent=29435"}],"wp:term":[{"taxonomy":"category","embeddable":true,"href":"https:\/\/alertasaltillo.com\/index.php\/wp-json\/wp\/v2\/categories?post=29435"},{"taxonomy":"post_tag","embeddable":true,"href":"https:\/\/alertasaltillo.com\/index.php\/wp-json\/wp\/v2\/tags?post=29435"}],"curies":[{"name":"wp","href":"https:\/\/api.w.org\/{rel}","templated":true}]}}