{"id":29429,"date":"2026-09-02T19:38:23","date_gmt":"2026-09-02T19:38:23","guid":{"rendered":"https:\/\/alertasaltillo.com\/?p=29429"},"modified":"2026-09-02T19:38:26","modified_gmt":"2026-09-02T19:38:26","slug":"agosto-fue-un-mes-de-mucho-trabajo-y-resultados-manolo","status":"publish","type":"post","link":"https:\/\/alertasaltillo.com\/index.php\/2026\/09\/02\/agosto-fue-un-mes-de-mucho-trabajo-y-resultados-manolo\/","title":{"rendered":"AGOSTO FUE UN MES DE MUCHO TRABAJO Y RESULTADOS: MANOLO"},"content":{"rendered":"\n<p>Saltillo, Coahuila de Zaragoza; a 01 de septiembre de 2026.- Al finalizar agosto, el gobernador Manolo Jim\u00e9nez Salinas expres\u00f3 que este mes que reci\u00e9n termina fue de mucho trabajo, coordinaci\u00f3n y resultados en todas las regiones de Coahuila, al compartir algunas de las acciones m\u00e1s importantes que desde la administraci\u00f3n estatal se realizaron.<\/p>\n\n\n\n<p>El Mandatario estatal destac\u00f3 que, en la regi\u00f3n Sureste, se fortaleci\u00f3 el trabajo de Mejora Coahuila al entregar nuevos nombramientos y al reunirse con todo el equipo para seguir llevando programas y acciones a las y los coahuilenses.<\/p>\n\n\n\n<p>Agreg\u00f3 que, en Ramos Arizpe, se recibieron veh\u00edculos para el DIF Coahuila, DIF Ramos Arizpe e Inspira Coahuila por parte de General Motors; adem\u00e1s, se coloc\u00f3 la primera piedra de la empresa Waelzholz, una nueva inversi\u00f3n que fortalece el desarrollo econ\u00f3mico y la generaci\u00f3n de empleos.<\/p>\n\n\n\n<p>\u201cTambi\u00e9n disfrutamos la tradicional cabalgata del Ramos Fest 2026, un gran evento que reuni\u00f3 a miles de familias coahuilenses\u201d, mencion\u00f3.<\/p>\n\n\n\n<p>Coment\u00f3 que en Saltillo, en el marco del Mes de la Juventud, se entregaron las S\u00faper Becas Internacionales y se reconoci\u00f3 a j\u00f3venes destacados con el Premio Estatal de la Juventud, impulsando su talento, preparaci\u00f3n y desarrollo.<\/p>\n\n\n\n<p>De la misma manera, se celebr\u00f3 el 90 aniversario de COPARMEX; sesion\u00f3 la Mesa de Coordinaci\u00f3n Estatal para la Construcci\u00f3n de Paz y Seguridad; y se llev\u00f3 a cabo la reuni\u00f3n con directivos de CECyTEC para seguir fortaleciendo la educaci\u00f3n.<\/p>\n\n\n\n<p>Adem\u00e1s, Coahuila recibi\u00f3 a integrantes de la Asociaci\u00f3n Nacional de Secretarios de Desarrollo Econ\u00f3mico, fortaleciendo la coordinaci\u00f3n y las oportunidades de crecimiento para nuestro estado.<\/p>\n\n\n\n<p>\u201cEn la Regi\u00f3n Laguna, Torre\u00f3n fue sede del Encuentro Nacional Interinstitucional, con la presencia de la ministra Yasm\u00edn Esquivel\u201d, record\u00f3 Jim\u00e9nez Salinas.<\/p>\n\n\n\n<p>Asimismo, destac\u00f3 que se dio arranque a la Coahuila 1000, uno de los eventos insignia de esta regi\u00f3n y de mayor proyecci\u00f3n tur\u00edstica del estado. Adem\u00e1s, se celebr\u00f3 a las personas adultas mayores con la coronaci\u00f3n de su reina.<\/p>\n\n\n\n<p>Manolo Jim\u00e9nez se\u00f1al\u00f3 que en la Regi\u00f3n Centro\u2013Desierto, se entreg\u00f3 el nuevo Centro Integral de Seguridad y Protecci\u00f3n Ciudadana, en Monclova, con lo que se fortalece la infraestructura y la capacidad de respuesta para toda la regi\u00f3n.<\/p>\n\n\n\n<p>\u201cEn la Regi\u00f3n Norte, en Acu\u00f1a, entregamos el cuartel del Ej\u00e9rcito Mexicano en La Linda y supervisamos el nuevo cuartel de la Guardia Nacional, reafirmando la coordinaci\u00f3n con las Fuerzas Armadas para mantener blindado nuestro estado\u201d, expres\u00f3.<\/p>\n\n\n\n<p>Abund\u00f3 que en Piedras Negras, se arranc\u00f3 la reposici\u00f3n y reubicaci\u00f3n del c\u00e1rcamo de bombeo n\u00famero 3 de aguas residuales, que es una obra importante para fortalecer la infraestructura sanitaria de la ciudad.<\/p>\n\n\n\n<p>Tambi\u00e9n, Coahuila se sum\u00f3 a la Jornada Nacional de Reforestaci\u00f3n 2026, reafirmando el compromiso con el medio ambiente y el cuidado de nuestros recursos naturales.<\/p>\n\n\n\n<p>\u201cSeguimos fortaleciendo al Gobierno del Estado con nuevos nombramientos en las \u00e1reas de Cultura y Energ\u00eda, para continuar trabajando con rumbo y dando resultados\u201d, indic\u00f3.<\/p>\n\n\n\n<p>Manolo Jim\u00e9nez coment\u00f3 que, a nivel nacional, se reuni\u00f3 con el Secretario de Seguridad y Protecci\u00f3n Ciudadana, Omar Garc\u00eda Harfuch, con quien desde hace a\u00f1os hace equipo para seguir fortaleciendo la seguridad de Coahuila y de M\u00e9xico.<\/p>\n\n\n\n<p>Y se cerr\u00f3 el mes arrancando el ciclo escolar 2026\u20132027 y se comenz\u00f3 con la entrega de paquetes de \u00fatiles escolares en todas las escuelas p\u00fablicas de educaci\u00f3n b\u00e1sica de Coahuila.<\/p>\n\n\n\n<p>\u201c\u00a1Aqu\u00ed seguimos trabajando en equipo por la educaci\u00f3n y el futuro de nuestras ni\u00f1as, ni\u00f1os y j\u00f3venes!\u201d, subray\u00f3.<\/p>\n\n\n\n<p>Manolo Jim\u00e9nez aprovech\u00f3 para mandar un gran abrazo y desearles mucho \u00e9xito a las y los estudiantes de Coahuila, a quienes les reiter\u00f3 su apoyo siempre.<\/p>\n\n\n\n<p>\u201cAs\u00ed es como seguimos llevando a Coahuila pa\u2019delante, a pasos de gigante\u201d, mencion\u00f3 el Gobernador del Estado.<\/p>\n\n\n\n<p><\/p>\n","protected":false},"excerpt":{"rendered":"<p>Saltillo, Coahuila de Zaragoza; a 01 de septiembre de 2026.- Al finalizar agosto, el gobernador Manolo Jim\u00e9nez Salinas expres\u00f3 que este mes que reci\u00e9n termina fue de mucho trabajo, coordinaci\u00f3n y resultados en todas las regiones de Coahuila, al compartir algunas de las acciones m\u00e1s importantes que desde la administraci\u00f3n estatal se realizaron. El Mandatario [&hellip;]<\/p>\n","protected":false},"author":4,"featured_media":29430,"comment_status":"open","ping_status":"open","sticky":false,"template":"","format":"standard","meta":[],"categories":[4],"tags":[],"_links":{"self":[{"href":"https:\/\/alertasaltillo.com\/index.php\/wp-json\/wp\/v2\/posts\/29429"}],"collection":[{"href":"https:\/\/alertasaltillo.com\/index.php\/wp-json\/wp\/v2\/posts"}],"about":[{"href":"https:\/\/alertasaltillo.com\/index.php\/wp-json\/wp\/v2\/types\/post"}],"author":[{"embeddable":true,"href":"https:\/\/alertasaltillo.com\/index.php\/wp-json\/wp\/v2\/users\/4"}],"replies":[{"embeddable":true,"href":"https:\/\/alertasaltillo.com\/index.php\/wp-json\/wp\/v2\/comments?post=29429"}],"version-history":[{"count":1,"href":"https:\/\/alertasaltillo.com\/index.php\/wp-json\/wp\/v2\/posts\/29429\/revisions"}],"predecessor-version":[{"id":29431,"href":"https:\/\/alertasaltillo.com\/index.php\/wp-json\/wp\/v2\/posts\/29429\/revisions\/29431"}],"wp:featuredmedia":[{"embeddable":true,"href":"https:\/\/alertasaltillo.com\/index.php\/wp-json\/wp\/v2\/media\/29430"}],"wp:attachment":[{"href":"https:\/\/alertasaltillo.com\/index.php\/wp-json\/wp\/v2\/media?parent=29429"}],"wp:term":[{"taxonomy":"category","embeddable":true,"href":"https:\/\/alertasaltillo.com\/index.php\/wp-json\/wp\/v2\/categories?post=29429"},{"taxonomy":"post_tag","embeddable":true,"href":"https:\/\/alertasaltillo.com\/index.php\/wp-json\/wp\/v2\/tags?post=29429"}],"curies":[{"name":"wp","href":"https:\/\/api.w.org\/{rel}","templated":true}]}}