{"id":29410,"date":"2026-09-02T13:25:01","date_gmt":"2026-09-02T13:25:01","guid":{"rendered":"https:\/\/alertasaltillo.com\/?p=29410"},"modified":"2026-09-02T13:25:03","modified_gmt":"2026-09-02T13:25:03","slug":"captan-a-jovenes-en-motocicletas-sin-casco-frente-al-cbtis-97-durante-regreso-a-clases-en-saltillo","status":"publish","type":"post","link":"https:\/\/alertasaltillo.com\/index.php\/2026\/09\/02\/captan-a-jovenes-en-motocicletas-sin-casco-frente-al-cbtis-97-durante-regreso-a-clases-en-saltillo\/","title":{"rendered":"CAPTAN A J\u00d3VENES EN MOTOCICLETAS SIN CASCO FRENTE AL CBTIS 97 DURANTE REGRESO A CLASES EN SALTILLO"},"content":{"rendered":"\n<h2>El video, que comenz\u00f3 a circular este lunes en redes sociales, muestra a dos j\u00f3venes realizando maniobras en motocicleta en el exterior del plantel; usuarios se\u00f1alan que portaban uniforme escolar.<\/h2>\n\n\n\n<p>En pleno regreso a clases, un video difundido este lunes en redes sociales muestra a dos j\u00f3venes realizando maniobras a bordo de motocicletas en el exterior del CBTis 97 de\u00a0<strong><a href=\"https:\/\/vanguardia.com.mx\/coahuila\/saltillo\" target=\"_blank\" rel=\"noreferrer noopener\">Saltillo<\/a><\/strong>, ambos sin utilizar casco de protecci\u00f3n.<\/p>\n\n\n\n<p>En las im\u00e1genes se observan dos motocicletas y dos j\u00f3venes circulando en las inmediaciones del plantel educativo, mientras realizan maniobras que usuarios de redes sociales calificaron como \u201ccarreritas\u201d. El material comenz\u00f3 a circular en distintas publicaciones y tambi\u00e9n fue compartido en el grupo de Facebook \u201cCbtis 97 Nuevo ingreso\u201d, situaci\u00f3n que gener\u00f3 comentarios entre usuarios que relacionaron a los j\u00f3venes con el plantel.<\/p>\n\n\n\n<p>Algunos de los comentarios se\u00f1alan que los j\u00f3venes portaban uniforme escolar, mientras otros usuarios cuestionaron que este tipo de maniobras se realicen en la v\u00eda p\u00fablica y alertaron sobre el riesgo de sufrir un accidente.<\/p>\n\n\n\n<p>\u201cUna patrulla con gr\u00faa. Para que se las quiten. Son menores de edad\u201d, escribi\u00f3 una usuaria en los comentarios de una de las publicaciones.<\/p>\n\n\n\n<p>Otro usuario cuestion\u00f3 la situaci\u00f3n con el mensaje: \u201c\u00bfPor qu\u00e9 pasan los accidentes?\u201d, mientras que otros hicieron comentarios sobre el riesgo al que estar\u00edan expuestos los motociclistas.<\/p>\n\n\n\n<p>Con Informaci\u00f3n Tomada de VANGUARDIA<\/p>\n","protected":false},"excerpt":{"rendered":"<p>El video, que comenz\u00f3 a circular este lunes en redes sociales, muestra a dos j\u00f3venes realizando maniobras en motocicleta en el exterior del plantel; usuarios se\u00f1alan que portaban uniforme escolar. En pleno regreso a clases, un video difundido este lunes en redes sociales muestra a dos j\u00f3venes realizando maniobras a bordo de motocicletas en el [&hellip;]<\/p>\n","protected":false},"author":4,"featured_media":29411,"comment_status":"open","ping_status":"open","sticky":false,"template":"","format":"standard","meta":[],"categories":[221],"tags":[],"_links":{"self":[{"href":"https:\/\/alertasaltillo.com\/index.php\/wp-json\/wp\/v2\/posts\/29410"}],"collection":[{"href":"https:\/\/alertasaltillo.com\/index.php\/wp-json\/wp\/v2\/posts"}],"about":[{"href":"https:\/\/alertasaltillo.com\/index.php\/wp-json\/wp\/v2\/types\/post"}],"author":[{"embeddable":true,"href":"https:\/\/alertasaltillo.com\/index.php\/wp-json\/wp\/v2\/users\/4"}],"replies":[{"embeddable":true,"href":"https:\/\/alertasaltillo.com\/index.php\/wp-json\/wp\/v2\/comments?post=29410"}],"version-history":[{"count":1,"href":"https:\/\/alertasaltillo.com\/index.php\/wp-json\/wp\/v2\/posts\/29410\/revisions"}],"predecessor-version":[{"id":29412,"href":"https:\/\/alertasaltillo.com\/index.php\/wp-json\/wp\/v2\/posts\/29410\/revisions\/29412"}],"wp:featuredmedia":[{"embeddable":true,"href":"https:\/\/alertasaltillo.com\/index.php\/wp-json\/wp\/v2\/media\/29411"}],"wp:attachment":[{"href":"https:\/\/alertasaltillo.com\/index.php\/wp-json\/wp\/v2\/media?parent=29410"}],"wp:term":[{"taxonomy":"category","embeddable":true,"href":"https:\/\/alertasaltillo.com\/index.php\/wp-json\/wp\/v2\/categories?post=29410"},{"taxonomy":"post_tag","embeddable":true,"href":"https:\/\/alertasaltillo.com\/index.php\/wp-json\/wp\/v2\/tags?post=29410"}],"curies":[{"name":"wp","href":"https:\/\/api.w.org\/{rel}","templated":true}]}}