{"id":29400,"date":"2026-09-02T12:41:30","date_gmt":"2026-09-02T12:41:30","guid":{"rendered":"https:\/\/alertasaltillo.com\/?p=29400"},"modified":"2026-09-02T12:41:33","modified_gmt":"2026-09-02T12:41:33","slug":"arranca-manolo-programa-de-utiles-escolares-gratis-para-500-mil-alumnos","status":"publish","type":"post","link":"https:\/\/alertasaltillo.com\/index.php\/2026\/09\/02\/arranca-manolo-programa-de-utiles-escolares-gratis-para-500-mil-alumnos\/","title":{"rendered":"ARRANCA MANOLO PROGRAMA DE \u00daTILES ESCOLARES GRATIS PARA 500 MIL ALUMNOS"},"content":{"rendered":"\n<p>&nbsp;&nbsp;<em>Inicia Gobernador ciclo escolar de manera simult\u00e1nea en los 38 municipios<\/em><\/p>\n\n\n\n<p>\u00b7&nbsp;&nbsp;&nbsp;&nbsp;&nbsp;&nbsp;<em>Adem\u00e1s entregan obras en escuelas de todas las regiones por 400 MDP<\/em><\/p>\n\n\n\n<p>Saltillo, Coahuila de Zaragoza: a 31 de agosto de 2026.- Desde la capital del Estado, el gobernador Manolo Jim\u00e9nez Salinas encabez\u00f3 la ceremonia de arranque de ciclo escolar 2026-2027, evento que se llev\u00f3 a cabo de manera simult\u00e1nea en los 38 municipios de Coahuila, en donde regresan a clases m\u00e1s de 623 mil alumnos en m\u00e1s de tres mil 550 escuelas p\u00fablicas de educaci\u00f3n b\u00e1sica de todo el estado.<\/p>\n\n\n\n<p>\u00abAhora s\u00ed, ya todas y todos los alumnos de Coahuila est\u00e1n de regreso a clases. Les deseo lo mejor en este ciclo escolar 26-27. Hoy estuvimos en Saltillo en la escuela Apolonio M. Avil\u00e9s, entregando simb\u00f3licamente m\u00e1s de 400 millones de pesos en obra educativa que construimos en todo el Estado y detonando el gran programa de \u00datiles Escolares Gratis para m\u00e1s de 500 mil alumnos de educaci\u00f3n b\u00e1sica.<\/p>\n\n\n\n<p>As\u00ed como aqu\u00ed, integrantes de nuestro equipo nos apoyaron encabezando un evento similar en todos los municipios de Coahuila. Vamos a seguir trabajando en equipo por la educaci\u00f3n de quienes son el presente y futuro de esta tierra bendita\u00bb, destac\u00f3 el gobernador.<\/p>\n\n\n\n<p>En este arranque de ciclo escolar, se entregan m\u00e1s de 521 mil paquetes de \u00fatiles escolares; m\u00e1s de cuatro millones de libros de texto gratuitos; m\u00e1s de 90 mil uniformes y tenis escolares a estudiantes de escuelas rurales y de escuelas urbanos marginadas; todo ello con inversi\u00f3n superior a los 162 millones de pesos.<\/p>\n\n\n\n<p>En esta ceremonia, el Gobernador de Coahuila inform\u00f3 que en las pr\u00f3ximas semanas har\u00e1 el anuncio del programa m\u00e1s grande que se ha hecho en la historia de Coahuila de techumbres para las escuelas de todas las regiones de la entidad.<\/p>\n\n\n\n<p>\u201cHoy mandamos un mensaje de unidad, un mensaje de trabajo en equipo y un mensaje de solidaridad en el tema educativo de Coahuila\u201d, expres\u00f3 Manolo Jim\u00e9nez.<\/p>\n\n\n\n<p>El Mandatario estatal mencion\u00f3 que en Coahuila se trabaja en equipo por el bien de la educaci\u00f3n de nuestros hijos y nuestros nietos, al reiterar que para su Gobierno la educaci\u00f3n es la herramienta m\u00e1s poderosa que se le puede dar a nuestras ni\u00f1as, ni\u00f1os, adolescentes y j\u00f3venes para que puedan salir adelante.<\/p>\n\n\n\n<p>Destac\u00f3 que como parte de la estrategia Impulso Educativo, en Coahuila se tienen programas de becas para apoyar a miles de alumnos entre los gobiernos municipales el Gobierno Estatal y el Gobierno Federal; adem\u00e1s de programas como el de transporte gratuito, programas de apoyos especiales, becas para que mujeres de todas las edades cursen su preparatoria y su universidad, entre muchos otros.<\/p>\n\n\n\n<p>Jim\u00e9nez Salinas reiter\u00f3 todo el apoyo y compromiso de su administraci\u00f3n en el tema de educaci\u00f3n y en el tema de desarrollo econ\u00f3mico, para seguir atrayendo m\u00e1s y mejores inversiones que brinden a las y los j\u00f3venes mejores oportunidades de crecimiento.<\/p>\n\n\n\n<p>\u201cPor eso, vamos a seguir apostando a la educaci\u00f3n con todo; vamos a seguir invirtiendo a trav\u00e9s de la estrategia Impulso Educativo miles de millones de pesos en el tema de educaci\u00f3n y, haciendo equipo con las alcaldesas y alcaldes de todo el Estado, lo vamos a fortalecer\u201d, se\u00f1al\u00f3 Manolo Jim\u00e9nez.<\/p>\n\n\n\n<p>Emanuel Garza Fishburn, secretario de Educaci\u00f3n en el Estado, expres\u00f3 que esta pol\u00edtica representa un respaldo directo a nuestras familias y contribuye a que siga tambi\u00e9n el bienestar y desarrollo de nuestras ni\u00f1as, ni\u00f1os y adolescentes del estado.<\/p>\n\n\n\n<p>inform\u00f3 que como parte del paquete de infraestructura educativa de 2025 en donde se invirtieron m\u00e1s de 400 millones de pesos en todo el estado, este d\u00eda se entrega en esta escuela una obra de infraestructura educativa con una inversi\u00f3n de m\u00e1s de 39 millones de pesos en beneficio de 660 estudiantes. De ellos, 550 son de la secundaria y 110 del bachillerato que opera en el turno respectivo.<\/p>\n\n\n\n<p>Estos trabajos incluyeron la rehabilitaci\u00f3n de 21 aulas did\u00e1cticas, la construcci\u00f3n de dos edificios, una superficie de 700 metros cuadrados para el laboratorio multifuncional, para el \u00e1rea administrativa, taller, aula y adem\u00e1s un alto techo estructural y cancha de luces m\u00faltiples; plaza f\u00edsica, estacionamiento, acceso principal al \u00e1rea de bachillerato, redes el\u00e9ctricas, hidr\u00e1ulicas y sanitarias.<\/p>\n\n\n\n<p>Por su parte, Javier D\u00edaz Gonz\u00e1lez, alcalde de Saltillo, mencion\u00f3 que invertir en la educaci\u00f3n, es invertir en el futuro de las ni\u00f1as, ni\u00f1os, adolescentes y j\u00f3venes.<\/p>\n\n\n\n<p>\u201cCada esfuerzo que hacemos hoy para fortalecer su formaci\u00f3n, se traduce en m\u00e1s oportunidades para construir el futuro que queremos para nuestra ciudad y para nuestro estado\u201d, expres\u00f3.<\/p>\n\n\n\n<p>Reiter\u00f3 que desde Saltillo, se suman a la estrategia educativa del gobernador Manolo Jim\u00e9nez, para mejorar la calidad de vida de las y los estudiantes con programas estrat\u00e9gicos que benefician a ellos y sus familias.<\/p>\n\n\n\n<p>Acompa\u00f1aron al gobernador en este arranque de ciclo escolar 2026-2027, Paola Rodr\u00edguez L\u00f3pes, presidenta honoraria de Inspira Coahuila; Liliana Salinas Vald\u00e9s, presidenta honoraria del DIF Coahuila; Luz Elena Morales N\u00fa\u00f1ez, diputada local; Gabriel Elizondo P\u00e9rez, senador de la Rep\u00fablica; Luly L\u00f3pez Naranjo, presidenta honoraria del DIF Saltillo; Jorge Alberto Pi\u00f1ones Arsuaga, coordinador general de Mejora Coahuila; Julio Iv\u00e1n Long Hern\u00e1ndez, director general del Instituto Coahuilense de Infraestructura F\u00edsica Educativa.<\/p>\n\n\n\n<p>As\u00ed como Ignacio Castillo C\u00e1rabes, subsecretario de Vinculaci\u00f3n y Servicios Educativos; Everardo Padr\u00f3n Garc\u00eda, secretario general de la Secci\u00f3n 5; Arturo D\u00edaz Gonz\u00e1lez, secretario general de la Secci\u00f3n 35; Isela Licerio Luevano, secretaria general de la Secci\u00f3n 38; Lesly Maricela Pruneda Rosas, directora de la Escuela Apolonio M. Avil\u00e9s; Karely del Carmen Torres Hern\u00e1ndez, alumna del plantel educativo; Diego Armando Marines Gallegos, alumno de educaci\u00f3n primaria.<\/p>\n\n\n\n<p><\/p>\n","protected":false},"excerpt":{"rendered":"<p>&nbsp;&nbsp;Inicia Gobernador ciclo escolar de manera simult\u00e1nea en los 38 municipios \u00b7&nbsp;&nbsp;&nbsp;&nbsp;&nbsp;&nbsp;Adem\u00e1s entregan obras en escuelas de todas las regiones por 400 MDP Saltillo, Coahuila de Zaragoza: a 31 de agosto de 2026.- Desde la capital del Estado, el gobernador Manolo Jim\u00e9nez Salinas encabez\u00f3 la ceremonia de arranque de ciclo escolar 2026-2027, evento que se [&hellip;]<\/p>\n","protected":false},"author":4,"featured_media":29401,"comment_status":"open","ping_status":"open","sticky":false,"template":"","format":"standard","meta":[],"categories":[193],"tags":[],"_links":{"self":[{"href":"https:\/\/alertasaltillo.com\/index.php\/wp-json\/wp\/v2\/posts\/29400"}],"collection":[{"href":"https:\/\/alertasaltillo.com\/index.php\/wp-json\/wp\/v2\/posts"}],"about":[{"href":"https:\/\/alertasaltillo.com\/index.php\/wp-json\/wp\/v2\/types\/post"}],"author":[{"embeddable":true,"href":"https:\/\/alertasaltillo.com\/index.php\/wp-json\/wp\/v2\/users\/4"}],"replies":[{"embeddable":true,"href":"https:\/\/alertasaltillo.com\/index.php\/wp-json\/wp\/v2\/comments?post=29400"}],"version-history":[{"count":1,"href":"https:\/\/alertasaltillo.com\/index.php\/wp-json\/wp\/v2\/posts\/29400\/revisions"}],"predecessor-version":[{"id":29402,"href":"https:\/\/alertasaltillo.com\/index.php\/wp-json\/wp\/v2\/posts\/29400\/revisions\/29402"}],"wp:featuredmedia":[{"embeddable":true,"href":"https:\/\/alertasaltillo.com\/index.php\/wp-json\/wp\/v2\/media\/29401"}],"wp:attachment":[{"href":"https:\/\/alertasaltillo.com\/index.php\/wp-json\/wp\/v2\/media?parent=29400"}],"wp:term":[{"taxonomy":"category","embeddable":true,"href":"https:\/\/alertasaltillo.com\/index.php\/wp-json\/wp\/v2\/categories?post=29400"},{"taxonomy":"post_tag","embeddable":true,"href":"https:\/\/alertasaltillo.com\/index.php\/wp-json\/wp\/v2\/tags?post=29400"}],"curies":[{"name":"wp","href":"https:\/\/api.w.org\/{rel}","templated":true}]}}