{"id":29397,"date":"2026-09-02T12:39:33","date_gmt":"2026-09-02T12:39:33","guid":{"rendered":"https:\/\/alertasaltillo.com\/?p=29397"},"modified":"2026-09-02T12:39:36","modified_gmt":"2026-09-02T12:39:36","slug":"acelera-javier-diaz-la-seguridad-vial-delimita-carriles-de-presidente-cardenas","status":"publish","type":"post","link":"https:\/\/alertasaltillo.com\/index.php\/2026\/09\/02\/acelera-javier-diaz-la-seguridad-vial-delimita-carriles-de-presidente-cardenas\/","title":{"rendered":"ACELERA JAVIER D\u00cdAZ LA SEGURIDAD VIAL; DELIMITA CARRILES DE PRESIDENTE CARDENAS"},"content":{"rendered":"\n<p><em>Refuerza \u201cAqu\u00ed Andamos\u201d limpieza y deshierbe en el bulevar Luis Donaldo Colosio<\/em><\/p>\n\n\n\n<p>Saltillo, Coahuila de Zaragoza; 31 de agosto de 2026.- Para continuar con la construcci\u00f3n de una ciudad con vialidades m\u00e1s seguras, ordenadas y funcionales, el alcalde Javier D\u00edaz Gonz\u00e1lez mantiene la atenci\u00f3n a la infraestructura de la capital de Coahuila.<\/p>\n\n\n\n<p>Cuadrillas del programa \u201cAqu\u00ed Andamos\u201d llevaron a cabo trabajos de delimitaci\u00f3n de los carriles centrales de la avenida Presidente C\u00e1rdenas, con el prop\u00f3sito de mejorar las condiciones de seguridad vial para peatones y automovilistas.<\/p>\n\n\n\n<p>El alcalde Javier D\u00edaz se\u00f1al\u00f3 que la aplicaci\u00f3n y renovaci\u00f3n de la se\u00f1alizaci\u00f3n favorece un tr\u00e1nsito m\u00e1s ordenado y ayuda a prevenir riesgos entre la poblaci\u00f3n.<\/p>\n\n\n\n<p>En paralelo y con el impulso del gobernador Manolo Jim\u00e9nez Salinas, el Gobierno de Saltillo reforz\u00f3 la limpieza integral y el deshierbe del camell\u00f3n central del bulevar Luis Donaldo Colosio, en el tramo entre los bulevares Fundadores y Eulalio Guti\u00e9rrez Trevi\u00f1o.<\/p>\n\n\n\n<p>En este punto, las brigadas municipales realizaron el retiro de maleza y desechos acumulados, a fin de mantener en condiciones adecuadas esta vialidad.<\/p>\n\n\n\n<p>El alcalde Javier D\u00edaz Gonz\u00e1lez estableci\u00f3 como una de las prioridades de su administraci\u00f3n mantener una atenci\u00f3n permanente de las vialidades y espacios p\u00fablicos, por lo que las cuadrillas de \u201cAqu\u00ed Andamos\u201d trabajan de manera continua en los sectores sur, poniente, oriente, norte y centro de Saltillo.<\/p>\n\n\n\n<p><\/p>\n","protected":false},"excerpt":{"rendered":"<p>Refuerza \u201cAqu\u00ed Andamos\u201d limpieza y deshierbe en el bulevar Luis Donaldo Colosio Saltillo, Coahuila de Zaragoza; 31 de agosto de 2026.- Para continuar con la construcci\u00f3n de una ciudad con vialidades m\u00e1s seguras, ordenadas y funcionales, el alcalde Javier D\u00edaz Gonz\u00e1lez mantiene la atenci\u00f3n a la infraestructura de la capital de Coahuila. Cuadrillas del programa [&hellip;]<\/p>\n","protected":false},"author":4,"featured_media":29398,"comment_status":"open","ping_status":"open","sticky":false,"template":"","format":"standard","meta":[],"categories":[5],"tags":[],"_links":{"self":[{"href":"https:\/\/alertasaltillo.com\/index.php\/wp-json\/wp\/v2\/posts\/29397"}],"collection":[{"href":"https:\/\/alertasaltillo.com\/index.php\/wp-json\/wp\/v2\/posts"}],"about":[{"href":"https:\/\/alertasaltillo.com\/index.php\/wp-json\/wp\/v2\/types\/post"}],"author":[{"embeddable":true,"href":"https:\/\/alertasaltillo.com\/index.php\/wp-json\/wp\/v2\/users\/4"}],"replies":[{"embeddable":true,"href":"https:\/\/alertasaltillo.com\/index.php\/wp-json\/wp\/v2\/comments?post=29397"}],"version-history":[{"count":1,"href":"https:\/\/alertasaltillo.com\/index.php\/wp-json\/wp\/v2\/posts\/29397\/revisions"}],"predecessor-version":[{"id":29399,"href":"https:\/\/alertasaltillo.com\/index.php\/wp-json\/wp\/v2\/posts\/29397\/revisions\/29399"}],"wp:featuredmedia":[{"embeddable":true,"href":"https:\/\/alertasaltillo.com\/index.php\/wp-json\/wp\/v2\/media\/29398"}],"wp:attachment":[{"href":"https:\/\/alertasaltillo.com\/index.php\/wp-json\/wp\/v2\/media?parent=29397"}],"wp:term":[{"taxonomy":"category","embeddable":true,"href":"https:\/\/alertasaltillo.com\/index.php\/wp-json\/wp\/v2\/categories?post=29397"},{"taxonomy":"post_tag","embeddable":true,"href":"https:\/\/alertasaltillo.com\/index.php\/wp-json\/wp\/v2\/tags?post=29397"}],"curies":[{"name":"wp","href":"https:\/\/api.w.org\/{rel}","templated":true}]}}