{"id":29387,"date":"2026-08-31T20:37:19","date_gmt":"2026-08-31T20:37:19","guid":{"rendered":"https:\/\/alertasaltillo.com\/?p=29387"},"modified":"2026-08-31T20:37:22","modified_gmt":"2026-08-31T20:37:22","slug":"arteaga-fue-sede-de-la-uci-gravel-world-series-2026-con-223-ciclistas","status":"publish","type":"post","link":"https:\/\/alertasaltillo.com\/index.php\/2026\/08\/31\/arteaga-fue-sede-de-la-uci-gravel-world-series-2026-con-223-ciclistas\/","title":{"rendered":"ARTEAGA FUE SEDE DE LA UCI GRAVEL WORLD SERIES 2026 CON 223 CICLISTAS"},"content":{"rendered":"\n<p>Arteaga, Coahuila de Zaragoza; a 31 de agosto de 2026.- Los parajes de la sierra de Arteaga fueron conquistados por un total de 223 ciclistas que participaron en la UCI Gravel World Series 2026, evento avalado por la Uni\u00f3n Internacional de Ciclistas.<\/p>\n\n\n\n<p>Antonio Cepeda Lic\u00f3n, director del Inedec, fue parte de la ceremonia de premiaci\u00f3n, donde se reconoci\u00f3 a los mejores del serial mundial que, a su vez, recibieron manga de campeones nacionales y con boleto asegurado para el Campeonato Mundial de Ciclismo Gravel a efectuarse en Australia.<\/p>\n\n\n\n<p>Dominio mexicano se mostr\u00f3 en la prueba de Gran Fondo a 132 kil\u00f3metros de distancia en la categor\u00eda \u00c9lite Varonil, donde Ulises Castillo se qued\u00f3 con la cima del podio al completar el trayecto en 4 horas, 16 minutos y 15 segundos; seguido de Jos\u00e9 Antonio Prieto y \u00c1ngel Camacho; segundo y tercer lugar, respectivamente.<\/p>\n\n\n\n<p>Mientras que en la Elite Femenil, Ana Barrera se qued\u00f3 con el primer sitio tras llegar a la meta en 5 horas, 8 minutos y 1 segundo; el segundo sitio fue para Sara Roel, en tanto que el tercer lugar le correspondi\u00f3 a Fabiola Tucci.<\/p>\n\n\n\n<p>Durante esta competencia tambi\u00e9n hubo pruebas de medio fondo a 85 kil\u00f3metros y fue ride a 32 kil\u00f3metros, siendo la primera ocasi\u00f3n que Coahuila alberga un evento internacional de ciclismo Gravel, que buscar\u00e1 posicionarse en el calendario anual de la UCI.<\/p>\n\n\n\n<p><\/p>\n","protected":false},"excerpt":{"rendered":"<p>Arteaga, Coahuila de Zaragoza; a 31 de agosto de 2026.- Los parajes de la sierra de Arteaga fueron conquistados por un total de 223 ciclistas que participaron en la UCI Gravel World Series 2026, evento avalado por la Uni\u00f3n Internacional de Ciclistas. Antonio Cepeda Lic\u00f3n, director del Inedec, fue parte de la ceremonia de premiaci\u00f3n, [&hellip;]<\/p>\n","protected":false},"author":4,"featured_media":29388,"comment_status":"open","ping_status":"open","sticky":false,"template":"","format":"standard","meta":[],"categories":[187],"tags":[],"_links":{"self":[{"href":"https:\/\/alertasaltillo.com\/index.php\/wp-json\/wp\/v2\/posts\/29387"}],"collection":[{"href":"https:\/\/alertasaltillo.com\/index.php\/wp-json\/wp\/v2\/posts"}],"about":[{"href":"https:\/\/alertasaltillo.com\/index.php\/wp-json\/wp\/v2\/types\/post"}],"author":[{"embeddable":true,"href":"https:\/\/alertasaltillo.com\/index.php\/wp-json\/wp\/v2\/users\/4"}],"replies":[{"embeddable":true,"href":"https:\/\/alertasaltillo.com\/index.php\/wp-json\/wp\/v2\/comments?post=29387"}],"version-history":[{"count":1,"href":"https:\/\/alertasaltillo.com\/index.php\/wp-json\/wp\/v2\/posts\/29387\/revisions"}],"predecessor-version":[{"id":29389,"href":"https:\/\/alertasaltillo.com\/index.php\/wp-json\/wp\/v2\/posts\/29387\/revisions\/29389"}],"wp:featuredmedia":[{"embeddable":true,"href":"https:\/\/alertasaltillo.com\/index.php\/wp-json\/wp\/v2\/media\/29388"}],"wp:attachment":[{"href":"https:\/\/alertasaltillo.com\/index.php\/wp-json\/wp\/v2\/media?parent=29387"}],"wp:term":[{"taxonomy":"category","embeddable":true,"href":"https:\/\/alertasaltillo.com\/index.php\/wp-json\/wp\/v2\/categories?post=29387"},{"taxonomy":"post_tag","embeddable":true,"href":"https:\/\/alertasaltillo.com\/index.php\/wp-json\/wp\/v2\/tags?post=29387"}],"curies":[{"name":"wp","href":"https:\/\/api.w.org\/{rel}","templated":true}]}}