{"id":29227,"date":"2026-08-27T01:45:09","date_gmt":"2026-08-27T01:45:09","guid":{"rendered":"https:\/\/alertasaltillo.com\/?p=29227"},"modified":"2026-08-27T01:45:12","modified_gmt":"2026-08-27T01:45:12","slug":"dormita-al-volante-y-sale-del-camino-en-la-saltillo-monterrey","status":"publish","type":"post","link":"https:\/\/alertasaltillo.com\/index.php\/2026\/08\/27\/dormita-al-volante-y-sale-del-camino-en-la-saltillo-monterrey\/","title":{"rendered":"DORMITA AL VOLANTE Y SALE DEL CAMINO EN LA SALTILLO-MONTERREY"},"content":{"rendered":"\n<h2>Moviliza percance a Protecci\u00f3n Civil de Ramos Arizpe y a la Guardia Nacional; el automovilista result\u00f3 ileso<\/h2>\n\n\n\n<p><strong>Ileso, pero con un gran susto, result\u00f3 el conductor de un autom\u00f3vil Honda<\/strong>&nbsp;que la ma\u00f1ana de este mi\u00e9rcoles&nbsp;<strong>dormit\u00f3 al volante<\/strong>, lo que provoc\u00f3 que se saliera de la cinta asf\u00e1ltica y&nbsp;<strong>terminara sobre la terracer\u00eda<\/strong>&nbsp;mientras transitaba por la&nbsp;<strong>carretera Monterrey-Saltillo<\/strong>.<\/p>\n\n\n\n<p>El accidente moviliz\u00f3 a&nbsp;<strong>elementos de la Guardia Nacional<\/strong>&nbsp;y a&nbsp;<strong>socorristas de Protecci\u00f3n Civil de Ramos Arizpe<\/strong>, quienes acudieron al sitio para prestar auxilio.<\/p>\n\n\n\n<p>De acuerdo con los primeros reportes, la unidad de color negro circulaba en sentido de norte a sur cuando&nbsp;<strong>el automovilista perdi\u00f3 el control tras pesta\u00f1ear.<\/strong>&nbsp;Fuera de control, el veh\u00edculo&nbsp;<strong>recorri\u00f3 aproximadamente 40 metros sobre la terracer\u00eda<\/strong>&nbsp;hacia su costado izquierdo antes de detener su marcha.<\/p>\n\n\n\n<p>Por&nbsp;<strong>m\u00e1s de 20 minutos el tr\u00e1fico en la zona se torn\u00f3 lento<\/strong>. Sin embargo, tras valorar al tripulante y verificar que&nbsp;<strong>no presentaba lesiones que requirieran traslado hospitalario<\/strong>, las autoridades procedieron con el protocolo correspondiente.<\/p>\n\n\n\n<p>Una vez consignadas las evidencias en el parte informativo y concluidos los\u00a0<strong>tr\u00e1mites con la empresa aseguradora<\/strong>\u00a0por los da\u00f1os materiales del veh\u00edculo,\u00a0<strong>los cuerpos de rescate y seguridad retiraron la unidad<\/strong>\u00a0y liberaron por completo la circulaci\u00f3n.<\/p>\n\n\n\n<p>Con Informaci\u00f3n Tomada de EL DIARIO DE COAHUILA<\/p>\n\n\n\n<p><\/p>\n\n\n\n<p><\/p>\n","protected":false},"excerpt":{"rendered":"<p>Moviliza percance a Protecci\u00f3n Civil de Ramos Arizpe y a la Guardia Nacional; el automovilista result\u00f3 ileso Ileso, pero con un gran susto, result\u00f3 el conductor de un autom\u00f3vil Honda&nbsp;que la ma\u00f1ana de este mi\u00e9rcoles&nbsp;dormit\u00f3 al volante, lo que provoc\u00f3 que se saliera de la cinta asf\u00e1ltica y&nbsp;terminara sobre la terracer\u00eda&nbsp;mientras transitaba por la&nbsp;carretera Monterrey-Saltillo. [&hellip;]<\/p>\n","protected":false},"author":4,"featured_media":29228,"comment_status":"open","ping_status":"open","sticky":false,"template":"","format":"standard","meta":[],"categories":[212],"tags":[],"_links":{"self":[{"href":"https:\/\/alertasaltillo.com\/index.php\/wp-json\/wp\/v2\/posts\/29227"}],"collection":[{"href":"https:\/\/alertasaltillo.com\/index.php\/wp-json\/wp\/v2\/posts"}],"about":[{"href":"https:\/\/alertasaltillo.com\/index.php\/wp-json\/wp\/v2\/types\/post"}],"author":[{"embeddable":true,"href":"https:\/\/alertasaltillo.com\/index.php\/wp-json\/wp\/v2\/users\/4"}],"replies":[{"embeddable":true,"href":"https:\/\/alertasaltillo.com\/index.php\/wp-json\/wp\/v2\/comments?post=29227"}],"version-history":[{"count":1,"href":"https:\/\/alertasaltillo.com\/index.php\/wp-json\/wp\/v2\/posts\/29227\/revisions"}],"predecessor-version":[{"id":29229,"href":"https:\/\/alertasaltillo.com\/index.php\/wp-json\/wp\/v2\/posts\/29227\/revisions\/29229"}],"wp:featuredmedia":[{"embeddable":true,"href":"https:\/\/alertasaltillo.com\/index.php\/wp-json\/wp\/v2\/media\/29228"}],"wp:attachment":[{"href":"https:\/\/alertasaltillo.com\/index.php\/wp-json\/wp\/v2\/media?parent=29227"}],"wp:term":[{"taxonomy":"category","embeddable":true,"href":"https:\/\/alertasaltillo.com\/index.php\/wp-json\/wp\/v2\/categories?post=29227"},{"taxonomy":"post_tag","embeddable":true,"href":"https:\/\/alertasaltillo.com\/index.php\/wp-json\/wp\/v2\/tags?post=29227"}],"curies":[{"name":"wp","href":"https:\/\/api.w.org\/{rel}","templated":true}]}}