{"id":2893,"date":"2023-04-02T01:13:21","date_gmt":"2023-04-02T01:13:21","guid":{"rendered":"https:\/\/alertasaltillo.com\/?p=2893"},"modified":"2023-04-08T20:28:12","modified_gmt":"2023-04-08T20:28:12","slug":"realizara-saltillo-actividades-por-el-dia-de-la-mujer","status":"publish","type":"post","link":"https:\/\/alertasaltillo.com\/index.php\/2023\/04\/02\/realizara-saltillo-actividades-por-el-dia-de-la-mujer\/","title":{"rendered":"REALIZAR\u00c1 SALTILLO ACTIVIDADES POR EL D\u00cdA DE LA MUJER"},"content":{"rendered":"\n<p>Como parte de la conmemoraci\u00f3n del D\u00eda Internacional de la Mujer, el Gobierno Municipal que encabeza el alcalde Jos\u00e9 Mar\u00eda Fraustro Siller llevar\u00e1 a cabo diferentes eventos para el reconocimiento al papel fundamental que desempe\u00f1an las mujeres en el desarrollo de la sociedad saltillense.<\/p>\n\n\n\n<p>\u201cDesde el inicio de la administraci\u00f3n trabajamos siempre para impulsar a las mujeres y empoderarlas con pol\u00edticas p\u00fablicas que propicien la igualdad y la justicia\u201d, dijo Chema Fraustro.<\/p>\n\n\n\n<p>A trav\u00e9s del Instituto Municipal de las Mujeres, este mi\u00e9rcoles 8 de marzo se llevar\u00e1 a cabo, en las escalinatas de la iglesia del Ojo de Agua, la toma de una fotograf\u00eda con las mujeres que laboran dentro del Gobierno Municipal de Saltillo.<\/p>\n\n\n\n<p>\u201cEste es el segundo a\u00f1o que se lleva a cabo esta fotograf\u00eda, la cual tiene como objetivo visualizar la fuerza laboral que representan las mujeres que trabajan dentro de este Gobierno\u201d, se\u00f1al\u00f3 el presidente municipal.<\/p>\n\n\n\n<p>Posteriormente se har\u00e1 entrega del Premio Municipal a la Mujer, en su edici\u00f3n 2023, en las categor\u00edas de Activismo Social, Cultura, Acad\u00e9mica y\/o Cient\u00edfica, Emprendedora y Rural.<\/p>\n\n\n\n<p>\u201cReconoceremos a 5 mujeres saltillenses que con su trabajo diario demuestran hasta d\u00f3nde se puede llegar y apoyar adem\u00e1s a miles de personas a su alrededor con cada una de sus labores\u201d, destac\u00f3 el alcalde.<\/p>\n\n\n\n<p>Record\u00f3 que en este a\u00f1o se entreg\u00f3 el Premio a la Mujer en la Industria a 8 mujeres destacadas, pero adem\u00e1s se han otorgado becas para el estudio de la preparatoria, se han otorgado cr\u00e9ditos y se impulsa la capacitaci\u00f3n para el emprendimiento de negocios, as\u00ed como actividades de la promoci\u00f3n de la salud, entre otras.<\/p>\n","protected":false},"excerpt":{"rendered":"<p>Como parte de la conmemoraci\u00f3n del D\u00eda Internacional de la Mujer, el Gobierno Municipal que encabeza el alcalde Jos\u00e9 Mar\u00eda Fraustro Siller llevar\u00e1 a cabo diferentes eventos para el reconocimiento al papel fundamental que desempe\u00f1an las mujeres en el desarrollo de la sociedad saltillense. \u201cDesde el inicio de la administraci\u00f3n trabajamos siempre para impulsar a [&hellip;]<\/p>\n","protected":false},"author":4,"featured_media":3008,"comment_status":"open","ping_status":"open","sticky":false,"template":"","format":"standard","meta":[],"categories":[5],"tags":[],"_links":{"self":[{"href":"https:\/\/alertasaltillo.com\/index.php\/wp-json\/wp\/v2\/posts\/2893"}],"collection":[{"href":"https:\/\/alertasaltillo.com\/index.php\/wp-json\/wp\/v2\/posts"}],"about":[{"href":"https:\/\/alertasaltillo.com\/index.php\/wp-json\/wp\/v2\/types\/post"}],"author":[{"embeddable":true,"href":"https:\/\/alertasaltillo.com\/index.php\/wp-json\/wp\/v2\/users\/4"}],"replies":[{"embeddable":true,"href":"https:\/\/alertasaltillo.com\/index.php\/wp-json\/wp\/v2\/comments?post=2893"}],"version-history":[{"count":1,"href":"https:\/\/alertasaltillo.com\/index.php\/wp-json\/wp\/v2\/posts\/2893\/revisions"}],"predecessor-version":[{"id":2894,"href":"https:\/\/alertasaltillo.com\/index.php\/wp-json\/wp\/v2\/posts\/2893\/revisions\/2894"}],"wp:featuredmedia":[{"embeddable":true,"href":"https:\/\/alertasaltillo.com\/index.php\/wp-json\/wp\/v2\/media\/3008"}],"wp:attachment":[{"href":"https:\/\/alertasaltillo.com\/index.php\/wp-json\/wp\/v2\/media?parent=2893"}],"wp:term":[{"taxonomy":"category","embeddable":true,"href":"https:\/\/alertasaltillo.com\/index.php\/wp-json\/wp\/v2\/categories?post=2893"},{"taxonomy":"post_tag","embeddable":true,"href":"https:\/\/alertasaltillo.com\/index.php\/wp-json\/wp\/v2\/tags?post=2893"}],"curies":[{"name":"wp","href":"https:\/\/api.w.org\/{rel}","templated":true}]}}