{"id":2866,"date":"2023-04-02T00:55:17","date_gmt":"2023-04-02T00:55:17","guid":{"rendered":"https:\/\/alertasaltillo.com\/?p=2866"},"modified":"2023-04-08T19:54:41","modified_gmt":"2023-04-08T19:54:41","slug":"cultura-coahuila-celebra-el-44-aniversario-del-teatro-de-la-ciudad-fernando-soler","status":"publish","type":"post","link":"https:\/\/alertasaltillo.com\/index.php\/2023\/04\/02\/cultura-coahuila-celebra-el-44-aniversario-del-teatro-de-la-ciudad-fernando-soler\/","title":{"rendered":"<strong>CULTURA COAHUILA CELEBRA EL 44 ANIVERSARIO DEL TEATRO DE LA CIUDAD \u2018FERNANDO SOLER\u2019<\/strong>"},"content":{"rendered":"\n<p>Para conmemorar el 44 Aniversario del Teatro de la Ciudad \u201cFernando Soler\u201d, de Saltillo, se efectuar\u00e1n conciertos, galas oper\u00edsticas, representaciones del 14 al 26 de marzo del presente a\u00f1o.<\/p>\n\n\n\n<p>La titular de la Secretar\u00eda de Cultura del Estado (SC), Ana Sof\u00eda Garc\u00eda Camil, destac\u00f3 que el compromiso del gobernador Miguel \u00c1ngel Riquelme Sol\u00eds ha sido el crear m\u00e1s p\u00fablicos en todas las disciplinas art\u00edsticas, y qu\u00e9 mejor que celebrar este espacio, que es un s\u00edmbolo de arte y cultura de Coahuila.<\/p>\n\n\n\n<p>El Teatro de la Ciudad fue dise\u00f1ado por el arquitecto Francisco Flores Flores e inaugurado el 26 de marzo de 1979, recinto que ha sido escenario de teatro, \u00f3pera, m\u00fasica, danza, espect\u00e1culos infantiles, festivales, conferencias y eventos internacionales, entre otros.<\/p>\n\n\n\n<p>La Directora del Instituto Municipal de Cultura de Saltillo (IMCS), Leticia Rodarte Rangel, expuso que se llevar\u00e1 a cabo la \u201cThe music of the night\u201d. Gala del Fantasma de la \u00d3pera, con la Orquesta Filarm\u00f3nica del Desierto y la Compa\u00f1\u00eda de \u00d3pera de Saltillo, el jueves 16 de marzo a las 20:30 horas.<\/p>\n\n\n\n<p>Adem\u00e1s de una Gala de Aniversario el 24 de marzo a las 20:00 horas con la Compa\u00f1\u00eda de \u00d3pera de Saltillo, que consiste en una selecci\u00f3n de n\u00fameros corales, sol\u00edsticos y ensambles del arte de la oper\u00edstico y de zarzuela.<\/p>\n\n\n\n<p>En su intervenci\u00f3n, el Director del Teatro de la Ciudad, Francisco Javier Rodr\u00edguez N\u00fa\u00f1ez, dio a conocer que se tendr\u00e1n los espect\u00e1culos de m\u00fasica \u201cCanciones para un coraz\u00f3n enamorado\u201d, con la Banda de M\u00fasica del Estado, y la participaci\u00f3n especial de Laura Mart\u00ednez Yeverino, el martes 14 de marzo a las 20:00 horas.<\/p>\n\n\n\n<p>Mientras \u201cQu\u00e9 triste fue decirnos adi\u00f3s\u201d, en tributo a Jos\u00e9 Jos\u00e9, con el grupo Quinto Elemento y artistas invitados, ser\u00e1 el s\u00e1bado 18 de marzo a las 20:00 horas.<\/p>\n\n\n\n<p>\u201cDe Beethoven al Danz\u00f3n\u201d, con el pianista Alejandro Vela, ser\u00e1 el s\u00e1bado 25 de marzo a las 20:00 horas; la Ceremonia del Cirio, en el Lobby del Teatro, se efectuar\u00e1 el domingo 26 de marzo a las 17:30 horas.<\/p>\n\n\n\n<p>Adem\u00e1s, el p\u00fablico general podr\u00e1 gozar de las otras teatrales \u201cEl marido perfecto\u201d, con Jes\u00fas Ochoa, Margarita Gralia, Rodrigo Murray y Laura Flores, el domingo 26 de marzo, a las 18:00 h y 20:30 horas; como \u201cUn monstruo viene a verme\u201d, con la direcci\u00f3n esc\u00e9nica de Armando Tenorio y en coordinaci\u00f3n con Cuarta Pared Teatro, el martes 21 de marzo a las 20:00 horas.<\/p>\n","protected":false},"excerpt":{"rendered":"<p>Para conmemorar el 44 Aniversario del Teatro de la Ciudad \u201cFernando Soler\u201d, de Saltillo, se efectuar\u00e1n conciertos, galas oper\u00edsticas, representaciones del 14 al 26 de marzo del presente a\u00f1o. La titular de la Secretar\u00eda de Cultura del Estado (SC), Ana Sof\u00eda Garc\u00eda Camil, destac\u00f3 que el compromiso del gobernador Miguel \u00c1ngel Riquelme Sol\u00eds ha sido [&hellip;]<\/p>\n","protected":false},"author":4,"featured_media":2990,"comment_status":"open","ping_status":"open","sticky":false,"template":"","format":"standard","meta":[],"categories":[5],"tags":[],"_links":{"self":[{"href":"https:\/\/alertasaltillo.com\/index.php\/wp-json\/wp\/v2\/posts\/2866"}],"collection":[{"href":"https:\/\/alertasaltillo.com\/index.php\/wp-json\/wp\/v2\/posts"}],"about":[{"href":"https:\/\/alertasaltillo.com\/index.php\/wp-json\/wp\/v2\/types\/post"}],"author":[{"embeddable":true,"href":"https:\/\/alertasaltillo.com\/index.php\/wp-json\/wp\/v2\/users\/4"}],"replies":[{"embeddable":true,"href":"https:\/\/alertasaltillo.com\/index.php\/wp-json\/wp\/v2\/comments?post=2866"}],"version-history":[{"count":1,"href":"https:\/\/alertasaltillo.com\/index.php\/wp-json\/wp\/v2\/posts\/2866\/revisions"}],"predecessor-version":[{"id":2867,"href":"https:\/\/alertasaltillo.com\/index.php\/wp-json\/wp\/v2\/posts\/2866\/revisions\/2867"}],"wp:featuredmedia":[{"embeddable":true,"href":"https:\/\/alertasaltillo.com\/index.php\/wp-json\/wp\/v2\/media\/2990"}],"wp:attachment":[{"href":"https:\/\/alertasaltillo.com\/index.php\/wp-json\/wp\/v2\/media?parent=2866"}],"wp:term":[{"taxonomy":"category","embeddable":true,"href":"https:\/\/alertasaltillo.com\/index.php\/wp-json\/wp\/v2\/categories?post=2866"},{"taxonomy":"post_tag","embeddable":true,"href":"https:\/\/alertasaltillo.com\/index.php\/wp-json\/wp\/v2\/tags?post=2866"}],"curies":[{"name":"wp","href":"https:\/\/api.w.org\/{rel}","templated":true}]}}