{"id":25733,"date":"2026-05-01T14:06:11","date_gmt":"2026-05-01T14:06:11","guid":{"rendered":"https:\/\/alertasaltillo.com\/?p=25733"},"modified":"2026-05-01T14:06:14","modified_gmt":"2026-05-01T14:06:14","slug":"vecinos-de-virreyes-popular-tienen-plaza-publica-renovada","status":"publish","type":"post","link":"https:\/\/alertasaltillo.com\/index.php\/2026\/05\/01\/vecinos-de-virreyes-popular-tienen-plaza-publica-renovada\/","title":{"rendered":"VECINOS DE VIRREYES POPULAR TIENEN PLAZA P\u00daBLICA RENOVADA"},"content":{"rendered":"\n<p><em>Alcalde Javier D\u00edaz entrega rehabilitaci\u00f3n; proyecto fue propuesto y elegido por ciudadan\u00eda<\/em><\/p>\n\n\n\n<p>Saltillo, Coahuila de Zaragoza; 30 de abril de 2026.- Vecinos y vecinas de la colonia Virreyes Popular ahora disfrutan de la plaza p\u00fablica de su sector renovada, luego de que el alcalde de la ciudad, Javier D\u00edaz Gonz\u00e1lez, entreg\u00f3 la obra de rehabilitaci\u00f3n de este espacio, proyecto que fue propuesto y votado por la comunidad a trav\u00e9s del programa \u201cParticipa Saltillo\u201d.<\/p>\n\n\n\n<p>D\u00edaz Gonz\u00e1lez coment\u00f3 que esta obra tambi\u00e9n forma parte del esquema \u201cActiva tu Parque\u201d, por lo que ahora este sitio, que se ubica en la calle Prolongaci\u00f3n Bernardo de G\u00e1lvez y Fray Payo Enr\u00edquez, se aprovechar\u00e1 para actividades culturales y deportivas.<\/p>\n\n\n\n<p>\u201cUstedes propusieron este proyecto y luego votaron para su realizaci\u00f3n; a nosotros nos toc\u00f3 elaborar el proyecto y llevarlo a cabo para que tengan un espacio digno, seguro y bonito para la convivencia y activaci\u00f3n f\u00edsica\u201d, coment\u00f3 el alcalde Javier D\u00edaz Gonz\u00e1lez.<\/p>\n\n\n\n<p>El Edil coment\u00f3 que a trav\u00e9s de \u201cParticipa Saltillo\u201d, en ese sector norponiente de la ciudad, se recibieron 15 propuestas y esta plaza de la colonia Virreyes Popular result\u00f3 ganadora.<\/p>\n\n\n\n<p>Agreg\u00f3 que en el programa \u201cParticipa Saltillo 2026\u201d se increment\u00f3 en un 37 por ciento el n\u00famero de proyectos que fueron propuestos por la ciudadan\u00eda, en relaci\u00f3n con los que se recibieron el a\u00f1o anterior.<\/p>\n\n\n\n<p>La contralora municipal, Patricia Alejandra Pe\u00f1a Aguirre, dio a conocer que en la rehabilitaci\u00f3n integral de esta plaza se destinaron m\u00e1s de 600 mil pesos, para beneficiar a miles de personas de ese sector.<\/p>\n\n\n\n<p>Pe\u00f1a Aguirre dijo que el trabajo en este lugar consisti\u00f3 en la sustituci\u00f3n de las bancas de descanso, colocaci\u00f3n de cestos de basura, habilitaci\u00f3n de rampas para personas con discapacidad, instalaci\u00f3n de pasto sint\u00e9tico y colocaci\u00f3n de juegos infantiles en ese punto, mantenimiento al alumbrado p\u00fablico, soldadura, reforestaci\u00f3n y labores de jardiner\u00eda, as\u00ed como limpieza en general.<\/p>\n\n\n\n<p>\u201cEsta plaza de la colonia Virreyes Popular es un ejemplo de lo que se hace en Saltillo en relaci\u00f3n con la participaci\u00f3n ciudadana; gracias al alcalde Javier D\u00edaz Gonz\u00e1lez por abrir estos espacios en los que la gente tiene poder de decisi\u00f3n\u201d, coment\u00f3 la Contralora Municipal.<\/p>\n\n\n\n<p>A nombre de quienes habitan en ese sector de la ciudad, la se\u00f1ora Mar\u00eda Guadalupe Rodr\u00edguez reconoci\u00f3 el trabajo del alcalde Javier D\u00edaz Gonz\u00e1lez, as\u00ed como la oportunidad de proponer proyectos para su realizaci\u00f3n en beneficio de la comunidad.<\/p>\n\n\n\n<p>\u201cLa rehabilitaci\u00f3n de esta plaza es algo muy importante para nuestra comunidad; esto no es un lujo, sino una necesidad, porque representa un punto de encuentro para nosotros en esta colonia\u201d, coment\u00f3 la se\u00f1ora Rodr\u00edguez.<\/p>\n\n\n\n<p>En el evento tambi\u00e9n estuvo el regidor Eduardo Morelos Jim\u00e9nez; el director del Instituto Municipal de Planeaci\u00f3n, Alberto Salinas de las Fuentes; el director de Infraestructura y Obra P\u00fablica, Antonio Nerio Maltos; el director de Medio Ambiente y Desarrollo Sustentable, Emmanuel Olache Vald\u00e9s; as\u00ed como integrantes de la Comisi\u00f3n Sectorial de Participa Saltillo, as\u00ed como miembros del Comit\u00e9 Pro Obra.<\/p>\n\n\n\n<p><\/p>\n","protected":false},"excerpt":{"rendered":"<p>Alcalde Javier D\u00edaz entrega rehabilitaci\u00f3n; proyecto fue propuesto y elegido por ciudadan\u00eda Saltillo, Coahuila de Zaragoza; 30 de abril de 2026.- Vecinos y vecinas de la colonia Virreyes Popular ahora disfrutan de la plaza p\u00fablica de su sector renovada, luego de que el alcalde de la ciudad, Javier D\u00edaz Gonz\u00e1lez, entreg\u00f3 la obra de rehabilitaci\u00f3n [&hellip;]<\/p>\n","protected":false},"author":4,"featured_media":25734,"comment_status":"open","ping_status":"open","sticky":false,"template":"","format":"standard","meta":[],"categories":[5],"tags":[],"_links":{"self":[{"href":"https:\/\/alertasaltillo.com\/index.php\/wp-json\/wp\/v2\/posts\/25733"}],"collection":[{"href":"https:\/\/alertasaltillo.com\/index.php\/wp-json\/wp\/v2\/posts"}],"about":[{"href":"https:\/\/alertasaltillo.com\/index.php\/wp-json\/wp\/v2\/types\/post"}],"author":[{"embeddable":true,"href":"https:\/\/alertasaltillo.com\/index.php\/wp-json\/wp\/v2\/users\/4"}],"replies":[{"embeddable":true,"href":"https:\/\/alertasaltillo.com\/index.php\/wp-json\/wp\/v2\/comments?post=25733"}],"version-history":[{"count":1,"href":"https:\/\/alertasaltillo.com\/index.php\/wp-json\/wp\/v2\/posts\/25733\/revisions"}],"predecessor-version":[{"id":25735,"href":"https:\/\/alertasaltillo.com\/index.php\/wp-json\/wp\/v2\/posts\/25733\/revisions\/25735"}],"wp:featuredmedia":[{"embeddable":true,"href":"https:\/\/alertasaltillo.com\/index.php\/wp-json\/wp\/v2\/media\/25734"}],"wp:attachment":[{"href":"https:\/\/alertasaltillo.com\/index.php\/wp-json\/wp\/v2\/media?parent=25733"}],"wp:term":[{"taxonomy":"category","embeddable":true,"href":"https:\/\/alertasaltillo.com\/index.php\/wp-json\/wp\/v2\/categories?post=25733"},{"taxonomy":"post_tag","embeddable":true,"href":"https:\/\/alertasaltillo.com\/index.php\/wp-json\/wp\/v2\/tags?post=25733"}],"curies":[{"name":"wp","href":"https:\/\/api.w.org\/{rel}","templated":true}]}}