{"id":25721,"date":"2026-05-01T13:38:50","date_gmt":"2026-05-01T13:38:50","guid":{"rendered":"https:\/\/alertasaltillo.com\/?p=25721"},"modified":"2026-05-01T13:38:53","modified_gmt":"2026-05-01T13:38:53","slug":"recupera-y-embellece-javier-diaz-plaza-publica-al-oriente-de-saltillo","status":"publish","type":"post","link":"https:\/\/alertasaltillo.com\/index.php\/2026\/05\/01\/recupera-y-embellece-javier-diaz-plaza-publica-al-oriente-de-saltillo\/","title":{"rendered":"RECUPERA Y EMBELLECE JAVIER D\u00cdAZ PLAZA P\u00daBLICA AL ORIENTE DE SALTILLO"},"content":{"rendered":"\n<p><\/p>\n\n\n\n<p><em>Programas del Gobierno Municipal elevan calidad de vida en los diferentes sectores<\/em><\/p>\n\n\n\n<p>Saltillo, Coahuila de Zaragoza; 30 de abril de 2026.- El Gobierno de Saltillo, a cargo de Javier D\u00edaz Gonz\u00e1lez, fortalece los espacios p\u00fablicos para el bienestar de las familias, a trav\u00e9s de acciones de embellecimiento integral en la plaza p\u00fablica del fraccionamiento Las Maravillas.<\/p>\n\n\n\n<p>Como parte de estas acciones y con el apoyo del gobernador Manolo Jim\u00e9nez Salinas, brigadas de \u201cAqu\u00ed Andamos\u201d aplicaron pintura en juegos infantiles, bancas y diverso mobiliario urbano, a fin de mejorar la imagen del lugar y brindar un entorno m\u00e1s digno, seguro y atractivo para ni\u00f1as, ni\u00f1os y adultos.<\/p>\n\n\n\n<p>De manera complementaria, se realiz\u00f3 la reforestaci\u00f3n del \u00e1rea con arbolado de la especie Encino Siempre Verde, con el prop\u00f3sito de generar espacios m\u00e1s frescos, mejorar la calidad del aire y fortalecer el entorno ecol\u00f3gico de este espacio ubicado entre las calles Alfonso Gonz\u00e1lez, Las Maravillas y Paseo de las Aves.<\/p>\n\n\n\n<p>El alcalde Javier D\u00edaz Gonz\u00e1lez destac\u00f3 que estas acciones forman parte de una estrategia permanente para la recuperaci\u00f3n y conservaci\u00f3n de espacios p\u00fablicos en colonias y fraccionamientos de la ciudad, para promover la convivencia social, el esparcimiento y el cuidado del medio ambiente.<\/p>\n\n\n\n<p>De manera simult\u00e1nea, cuadrillas de Medio Ambiente y Desarrollo Sustentable atendieron el llamado de la ciudadan\u00eda realizado a trav\u00e9s del Chat Bot \u201cSaltillo F\u00e1cil\u201d, al 844-160-08-08, para limpiar de manera profunda diversos tramos del arroyo Nueva Imagen, a la altura de la colonia Universidad Pueblo.<\/p>\n\n\n\n<p>En este sector, entre las calles Federico G\u00e1mez, Antonio Garc\u00eda Robles y Aquiles Serd\u00e1n, personal municipal retir\u00f3 material org\u00e1nico, maleza, basura y escombro acumulados, que podr\u00edan poner en riesgo la salud e integridad de las y los vecinos del lugar.<\/p>\n\n\n\n<p>Adem\u00e1s, para impulsar el amor al deporte y las actividades en familia, el Gobierno de Saltillo trabaj\u00f3 en la limpieza integral y deshierbe de las diferentes \u00e1reas verdes de la plaza p\u00fablica de la colonia Nueva Tlaxcala, ubicada entre las calles Francisco Tlatl, Andr\u00e9s Mixcoatl y Baltazar Acotl.<\/p>\n\n\n\n<p>El alcalde Javier D\u00edaz Gonz\u00e1lez reiter\u00f3 el compromiso de su administraci\u00f3n de trabajar de la mano con la ciudadan\u00eda para mantener en \u00f3ptimas condiciones las \u00e1reas comunes, fomentar el sentido de pertenencia y el respeto por el entorno en la capital de Coahuila.<\/p>\n","protected":false},"excerpt":{"rendered":"<p>Programas del Gobierno Municipal elevan calidad de vida en los diferentes sectores Saltillo, Coahuila de Zaragoza; 30 de abril de 2026.- El Gobierno de Saltillo, a cargo de Javier D\u00edaz Gonz\u00e1lez, fortalece los espacios p\u00fablicos para el bienestar de las familias, a trav\u00e9s de acciones de embellecimiento integral en la plaza p\u00fablica del fraccionamiento Las [&hellip;]<\/p>\n","protected":false},"author":4,"featured_media":25722,"comment_status":"open","ping_status":"open","sticky":false,"template":"","format":"standard","meta":[],"categories":[5],"tags":[],"_links":{"self":[{"href":"https:\/\/alertasaltillo.com\/index.php\/wp-json\/wp\/v2\/posts\/25721"}],"collection":[{"href":"https:\/\/alertasaltillo.com\/index.php\/wp-json\/wp\/v2\/posts"}],"about":[{"href":"https:\/\/alertasaltillo.com\/index.php\/wp-json\/wp\/v2\/types\/post"}],"author":[{"embeddable":true,"href":"https:\/\/alertasaltillo.com\/index.php\/wp-json\/wp\/v2\/users\/4"}],"replies":[{"embeddable":true,"href":"https:\/\/alertasaltillo.com\/index.php\/wp-json\/wp\/v2\/comments?post=25721"}],"version-history":[{"count":1,"href":"https:\/\/alertasaltillo.com\/index.php\/wp-json\/wp\/v2\/posts\/25721\/revisions"}],"predecessor-version":[{"id":25723,"href":"https:\/\/alertasaltillo.com\/index.php\/wp-json\/wp\/v2\/posts\/25721\/revisions\/25723"}],"wp:featuredmedia":[{"embeddable":true,"href":"https:\/\/alertasaltillo.com\/index.php\/wp-json\/wp\/v2\/media\/25722"}],"wp:attachment":[{"href":"https:\/\/alertasaltillo.com\/index.php\/wp-json\/wp\/v2\/media?parent=25721"}],"wp:term":[{"taxonomy":"category","embeddable":true,"href":"https:\/\/alertasaltillo.com\/index.php\/wp-json\/wp\/v2\/categories?post=25721"},{"taxonomy":"post_tag","embeddable":true,"href":"https:\/\/alertasaltillo.com\/index.php\/wp-json\/wp\/v2\/tags?post=25721"}],"curies":[{"name":"wp","href":"https:\/\/api.w.org\/{rel}","templated":true}]}}