{"id":25718,"date":"2026-05-01T13:37:06","date_gmt":"2026-05-01T13:37:06","guid":{"rendered":"https:\/\/alertasaltillo.com\/?p=25718"},"modified":"2026-05-01T13:37:08","modified_gmt":"2026-05-01T13:37:08","slug":"matan-a-regidor-de-mc-en-talpa-de-allende","status":"publish","type":"post","link":"https:\/\/alertasaltillo.com\/index.php\/2026\/05\/01\/matan-a-regidor-de-mc-en-talpa-de-allende\/","title":{"rendered":"MATAN A REGIDOR DE MC EN TALPA DE ALLENDE"},"content":{"rendered":"\n<p><\/p>\n\n\n\n<p>Marco Antonio Franco Palomera, regidor de Movimiento Ciudadano (MC) en el Ayuntamiento de Talpa de Allende, Jalisco, fue asesinado la ma\u00f1ana de ayer en ese municipio.<\/p>\n\n\n\n<p>El coordinador estrat\u00e9gico de Seguridad de Jalisco, Roberto Alarc\u00f3n Estrada, inform\u00f3 que el ataque ocurri\u00f3 en la calle 5 de Febrero, en la colonia San Rafael, en la cabecera municipal.<\/p>\n\n\n\n<p>Polic\u00edas de Talpa de Allende localizaron el cad\u00e1ver del regidor despu\u00e9s de escuchar detonaciones de arma de fuego durante su patrullaje y dedicarse a buscar de d\u00f3nde proven\u00edan los disparos; al transitar por la calle 5 de Febrero vieron el cuerpo de un hombre tirado y sin vida; dieron aviso al Ministerio P\u00fablico tras resguardar la escena.<\/p>\n\n\n\n<p>A trav\u00e9s de sus redes sociales la presidenta de MC en Jalisco, Mirza Flores, lament\u00f3 lo ocurrido y expres\u00f3 su confianza en que las autoridades resuelvan este homicidio. \u201cEn Movimiento Ciudadano condenamos la violencia y velamos por el esclarecimiento de los hechos. Confiamos en que las autoridades correspondientes har\u00e1n justicia\u201d.<\/p>\n\n\n\n<p>La fiscal\u00eda del estado abri\u00f3 la carpeta de investigaci\u00f3n.<\/p>\n\n\n\n<p>Con Informaci\u00f3n Tomada de EL UNIVERSAL<\/p>\n","protected":false},"excerpt":{"rendered":"<p>Marco Antonio Franco Palomera, regidor de Movimiento Ciudadano (MC) en el Ayuntamiento de Talpa de Allende, Jalisco, fue asesinado la ma\u00f1ana de ayer en ese municipio. El coordinador estrat\u00e9gico de Seguridad de Jalisco, Roberto Alarc\u00f3n Estrada, inform\u00f3 que el ataque ocurri\u00f3 en la calle 5 de Febrero, en la colonia San Rafael, en la cabecera [&hellip;]<\/p>\n","protected":false},"author":4,"featured_media":25719,"comment_status":"open","ping_status":"open","sticky":false,"template":"","format":"standard","meta":[],"categories":[185],"tags":[],"_links":{"self":[{"href":"https:\/\/alertasaltillo.com\/index.php\/wp-json\/wp\/v2\/posts\/25718"}],"collection":[{"href":"https:\/\/alertasaltillo.com\/index.php\/wp-json\/wp\/v2\/posts"}],"about":[{"href":"https:\/\/alertasaltillo.com\/index.php\/wp-json\/wp\/v2\/types\/post"}],"author":[{"embeddable":true,"href":"https:\/\/alertasaltillo.com\/index.php\/wp-json\/wp\/v2\/users\/4"}],"replies":[{"embeddable":true,"href":"https:\/\/alertasaltillo.com\/index.php\/wp-json\/wp\/v2\/comments?post=25718"}],"version-history":[{"count":1,"href":"https:\/\/alertasaltillo.com\/index.php\/wp-json\/wp\/v2\/posts\/25718\/revisions"}],"predecessor-version":[{"id":25720,"href":"https:\/\/alertasaltillo.com\/index.php\/wp-json\/wp\/v2\/posts\/25718\/revisions\/25720"}],"wp:featuredmedia":[{"embeddable":true,"href":"https:\/\/alertasaltillo.com\/index.php\/wp-json\/wp\/v2\/media\/25719"}],"wp:attachment":[{"href":"https:\/\/alertasaltillo.com\/index.php\/wp-json\/wp\/v2\/media?parent=25718"}],"wp:term":[{"taxonomy":"category","embeddable":true,"href":"https:\/\/alertasaltillo.com\/index.php\/wp-json\/wp\/v2\/categories?post=25718"},{"taxonomy":"post_tag","embeddable":true,"href":"https:\/\/alertasaltillo.com\/index.php\/wp-json\/wp\/v2\/tags?post=25718"}],"curies":[{"name":"wp","href":"https:\/\/api.w.org\/{rel}","templated":true}]}}