{"id":25715,"date":"2026-05-01T13:28:19","date_gmt":"2026-05-01T13:28:19","guid":{"rendered":"https:\/\/alertasaltillo.com\/?p=25715"},"modified":"2026-05-01T13:28:21","modified_gmt":"2026-05-01T13:28:21","slug":"pide-municipio-tomar-precauciones-por-rehabilitacion-del-periferico-lea","status":"publish","type":"post","link":"https:\/\/alertasaltillo.com\/index.php\/2026\/05\/01\/pide-municipio-tomar-precauciones-por-rehabilitacion-del-periferico-lea\/","title":{"rendered":"PIDE MUNICIPIO TOMAR PRECAUCIONES POR REHABILITACI\u00d3N DEL PERIF\u00c9RICO LEA"},"content":{"rendered":"\n<p><\/p>\n\n\n\n<p><em>Trabajos se realizar\u00e1n en ambos sentidos entre las calles Bolivia y Montevideo, a la altura de la colonia Latinoamericana, a partir de las 8:00 de la ma\u00f1ana de este viernes<\/em><\/p>\n\n\n\n<p><em>Se recubrir\u00e1n alrededor de 5 mil metros cuadrados de asfalto<\/em><\/p>\n\n\n\n<p>Saltillo, Coahuila de Zaragoza; 30 de abril de 2026.- El Gobierno de Saltillo informa a la ciudadan\u00eda sobre el cierre temporal de un tramo del perif\u00e9rico Luis Echeverr\u00eda \u00c1lvarez, debido a trabajos de rehabilitaci\u00f3n del pavimento que se llevan a cabo con el objetivo de mejorar la infraestructura vial y garantizar una circulaci\u00f3n m\u00e1s segura y eficiente.<\/p>\n\n\n\n<p>Estas labores de rehabilitaci\u00f3n de asfalto, a trav\u00e9s de la moderna t\u00e9cnica llamada \u201cslurry\u201d, comenzar\u00e1n a realizarse a partir de las 8:00 de la ma\u00f1ana de este viernes 1 de mayo y se extender\u00e1n hasta el s\u00e1bado 2 de mayo, con el cierre parcial en el tramo entre las calles Bolivia y Montevideo, a la altura de la colonia Latinoamericana.<\/p>\n\n\n\n<p>Asimismo, el Ayuntamiento de Saltillo inform\u00f3 que cuadrillas de la Direcci\u00f3n de Infraestructura y Obra P\u00fablica realizar\u00e1n estos trabajos de rehabilitaci\u00f3n de la carpeta asf\u00e1ltica en ambos sentidos de la vialidad, en los que se cubrir\u00e1n alrededor de 5 mil metros cuadrados de pavimento.<\/p>\n\n\n\n<p>Los trabajos se llevar\u00e1n a cabo en los carriles centrales, por lo que el tr\u00e1nsito vehicular ser\u00e1 desviado hacia las vialidades laterales en este mismo punto del perif\u00e9rico LEA.<\/p>\n\n\n\n<p>Estas acciones forman parte del programa permanente de mantenimiento urbano impulsado por el alcalde Javier D\u00edaz Gonz\u00e1lez, y contemplan la reparaci\u00f3n de la carpeta asf\u00e1ltica en puntos donde se presenta desgaste significativo, hundimientos y da\u00f1os estructurales derivados del uso constante y el clima.<\/p>\n\n\n\n<p>El cierre se realiza de manera parcial y estar\u00e1 debidamente se\u00f1alizado para orientar a los automovilistas, quienes podr\u00e1n utilizar las laterales como rutas alternas, donde se prev\u00e9 tr\u00e1nsito lento.<\/p>\n\n\n\n<p>El Gobierno Municipal exhorta a conductores y peatones a respetar los se\u00f1alamientos viales y considerar tiempos adicionales en sus traslados mientras se desarrollan estos trabajos.<\/p>\n","protected":false},"excerpt":{"rendered":"<p>Trabajos se realizar\u00e1n en ambos sentidos entre las calles Bolivia y Montevideo, a la altura de la colonia Latinoamericana, a partir de las 8:00 de la ma\u00f1ana de este viernes Se recubrir\u00e1n alrededor de 5 mil metros cuadrados de asfalto Saltillo, Coahuila de Zaragoza; 30 de abril de 2026.- El Gobierno de Saltillo informa a [&hellip;]<\/p>\n","protected":false},"author":4,"featured_media":25716,"comment_status":"open","ping_status":"open","sticky":false,"template":"","format":"standard","meta":[],"categories":[5],"tags":[],"_links":{"self":[{"href":"https:\/\/alertasaltillo.com\/index.php\/wp-json\/wp\/v2\/posts\/25715"}],"collection":[{"href":"https:\/\/alertasaltillo.com\/index.php\/wp-json\/wp\/v2\/posts"}],"about":[{"href":"https:\/\/alertasaltillo.com\/index.php\/wp-json\/wp\/v2\/types\/post"}],"author":[{"embeddable":true,"href":"https:\/\/alertasaltillo.com\/index.php\/wp-json\/wp\/v2\/users\/4"}],"replies":[{"embeddable":true,"href":"https:\/\/alertasaltillo.com\/index.php\/wp-json\/wp\/v2\/comments?post=25715"}],"version-history":[{"count":1,"href":"https:\/\/alertasaltillo.com\/index.php\/wp-json\/wp\/v2\/posts\/25715\/revisions"}],"predecessor-version":[{"id":25717,"href":"https:\/\/alertasaltillo.com\/index.php\/wp-json\/wp\/v2\/posts\/25715\/revisions\/25717"}],"wp:featuredmedia":[{"embeddable":true,"href":"https:\/\/alertasaltillo.com\/index.php\/wp-json\/wp\/v2\/media\/25716"}],"wp:attachment":[{"href":"https:\/\/alertasaltillo.com\/index.php\/wp-json\/wp\/v2\/media?parent=25715"}],"wp:term":[{"taxonomy":"category","embeddable":true,"href":"https:\/\/alertasaltillo.com\/index.php\/wp-json\/wp\/v2\/categories?post=25715"},{"taxonomy":"post_tag","embeddable":true,"href":"https:\/\/alertasaltillo.com\/index.php\/wp-json\/wp\/v2\/tags?post=25715"}],"curies":[{"name":"wp","href":"https:\/\/api.w.org\/{rel}","templated":true}]}}